{"id":4687,"date":"2019-03-03T04:10:07","date_gmt":"2019-03-03T04:10:07","guid":{"rendered":"https:\/\/ilmioviaggio.me\/?p=4687"},"modified":"2019-04-24T18:40:24","modified_gmt":"2019-04-24T18:40:24","slug":"varanasi-2-marzo-2019","status":"publish","type":"post","link":"https:\/\/ilmioviaggio.me\/?p=4687","title":{"rendered":"Varanasi, 2 marzo 2019"},"content":{"rendered":"<p>Mattinata tranquilla, seduta al tepore del Chausati ghat, alle prese con l&#8217;aggiustamento del top, un lavoro inutile, che sta arrivando alla fine. C&#8217;\u00e8 Sonu l\u00e0 sotto: sta disteso sulla sua barca pi\u00f9 grande, all&#8217;ombra del nuovo tettuccio, formato da due sarees coloratissimi, tenuti su con quattro pali. Alle 14:00 incontrer\u00f2 Edoardo, l&#8217;amico di mio figlio, al Kedar ghat e andremo a pranzo insieme da quelle parti. Poco prima di di arrivare l\u00e0, c&#8217;\u00e8 un indiano che sta addestrando un grosso gallo facendolo andare su e gi\u00f9 per una scalinata. Pi\u00f9 avanti, due sadhu stanno beatamente distesi nella loro tenda, a fumare chiss\u00e0 che cosa e ad ascoltare musica.<\/p>\n<p><a href=\"https:\/\/ilmioviaggio.me\/wp-content\/uploads\/2019\/03\/sul-dondolo1.jpg\" rel=\"attachment wp-att-4690\"><img loading=\"lazy\" decoding=\"async\" class=\"alignnone size-medium wp-image-4690\" src=\"https:\/\/ilmioviaggio.me\/wp-content\/uploads\/2019\/03\/sul-dondolo1-300x225.jpg\" alt=\"sul dondolo1\" width=\"300\" height=\"225\" srcset=\"https:\/\/ilmioviaggio.me\/wp-content\/uploads\/2019\/03\/sul-dondolo1-300x225.jpg 300w, https:\/\/ilmioviaggio.me\/wp-content\/uploads\/2019\/03\/sul-dondolo1-768x576.jpg 768w, https:\/\/ilmioviaggio.me\/wp-content\/uploads\/2019\/03\/sul-dondolo1-1024x768.jpg 1024w\" sizes=\"auto, (max-width: 300px) 100vw, 300px\" \/><\/a><\/p>\n<p><em>Sadhu sul dondolo.<\/em><\/p>\n<p>Altri due si stanno dondolando sulla grande tavola appoggiata alle corde legate ai pali. E&#8217; l&#8217;ora del pranzo e due baba qui al Kedar ghat stanno pranzando sotto una tenda sventolante montata su un&#8217;altura. Edoardo non \u00e8 ancora arrivato. Vedo sul cellulare che mi ha chiamata, ma qui c&#8217;\u00e8 un tal frastuono che copre qualsiasi altro suono.<\/p>\n<p><a href=\"https:\/\/ilmioviaggio.me\/wp-content\/uploads\/2019\/03\/pranzo-tenda-Kadar.jpg\" rel=\"attachment wp-att-4692\"><img loading=\"lazy\" decoding=\"async\" class=\"alignnone size-medium wp-image-4692\" src=\"https:\/\/ilmioviaggio.me\/wp-content\/uploads\/2019\/03\/pranzo-tenda-Kadar-300x225.jpg\" alt=\"pranzo tenda Kadar\" width=\"300\" height=\"225\" srcset=\"https:\/\/ilmioviaggio.me\/wp-content\/uploads\/2019\/03\/pranzo-tenda-Kadar-300x225.jpg 300w, https:\/\/ilmioviaggio.me\/wp-content\/uploads\/2019\/03\/pranzo-tenda-Kadar-768x576.jpg 768w, https:\/\/ilmioviaggio.me\/wp-content\/uploads\/2019\/03\/pranzo-tenda-Kadar-1024x768.jpg 1024w\" sizes=\"auto, (max-width: 300px) 100vw, 300px\" \/><\/a><\/p>\n<p><em>Pranzo in una tenda del Kedar ghat.<\/em><\/p>\n<p>Mi siedo su una panca ad aspettarlo: arriva una famiglia del Rajasthan a chiedermi di fare un selfie, poi, si ferma un indiano e mi tocca i piedi come fossi una dea. Mi guardo intorno: non c&#8217;\u00e8 la solita ressa di gente n\u00e9 a fare i bagno n\u00e8 per le puja. Sembra siano quasi tutti appena andati via. Ci sono sempre i cani che corrono avanti e indietro, qualche bufalo di passaggio, diversi montoni e molte caprette che vivono stabilmente qui. Questi ultimi, girano per le scale e sulle alture, sempre in cerca di cibo.<\/p>\n<p><a href=\"https:\/\/ilmioviaggio.me\/wp-content\/uploads\/2019\/03\/caprone-capretta-ok.jpg\" rel=\"attachment wp-att-4691\"><img loading=\"lazy\" decoding=\"async\" class=\"alignnone size-medium wp-image-4691\" src=\"https:\/\/ilmioviaggio.me\/wp-content\/uploads\/2019\/03\/caprone-capretta-ok-300x225.jpg\" alt=\"caprone capretta ok\" width=\"300\" height=\"225\" srcset=\"https:\/\/ilmioviaggio.me\/wp-content\/uploads\/2019\/03\/caprone-capretta-ok-300x225.jpg 300w, https:\/\/ilmioviaggio.me\/wp-content\/uploads\/2019\/03\/caprone-capretta-ok-768x576.jpg 768w, https:\/\/ilmioviaggio.me\/wp-content\/uploads\/2019\/03\/caprone-capretta-ok-1024x768.jpg 1024w\" sizes=\"auto, (max-width: 300px) 100vw, 300px\" \/><\/a><\/p>\n<p style=\"text-align: left;\"><em>Montoni e caprette del Kedar ghat.<\/em><\/p>\n<p>In parte, legata ad una gabbia di metallo, c&#8217;\u00e8 la solita scimmietta: vorrei tanto tagliare quella corda per liberarla. Tutto \u00e8 tranquillo, a parte la voce rindondante dell&#8217;altoparlante appeso in alto, ad un palo. In un attimo l&#8217;atmosfera si anima! &#8220;Che succede!&#8221; penso tra me e me. Oh, sta passando un sadhu del gruppo che si veste soltanto di bacche. Questo porta anche un grosso turbante, sempre di bacche, sul capo ed ha al seguito una specie di servitore vestito di arancione. Ce ne sono diversi, di sadhu, vestiti in questo modo, e fanno riferimento ad un guru e al suo pensiero. Ogni bacca, mi dice qualcuno, rappresenta una lacrima di Shiva. Intorno a questo divo si forma subito un gruppo di ammiratori. Lui, distribuisce carezze, benedizioni, porge la mano e posa sorridente per i selfie.<\/p>\n<p><a href=\"https:\/\/ilmioviaggio.me\/wp-content\/uploads\/2019\/03\/sadhu-prim-pok.jpg\" rel=\"attachment wp-att-4693\"><img loading=\"lazy\" decoding=\"async\" class=\"alignnone size-medium wp-image-4693\" src=\"https:\/\/ilmioviaggio.me\/wp-content\/uploads\/2019\/03\/sadhu-prim-pok-300x225.jpg\" alt=\"sadhu prim pok\" width=\"300\" height=\"225\" srcset=\"https:\/\/ilmioviaggio.me\/wp-content\/uploads\/2019\/03\/sadhu-prim-pok-300x225.jpg 300w, https:\/\/ilmioviaggio.me\/wp-content\/uploads\/2019\/03\/sadhu-prim-pok-768x576.jpg 768w, https:\/\/ilmioviaggio.me\/wp-content\/uploads\/2019\/03\/sadhu-prim-pok-1024x768.jpg 1024w\" sizes=\"auto, (max-width: 300px) 100vw, 300px\" \/><\/a><\/p>\n<p><em>Un sadhu vestito di bacche.<\/em><\/p>\n<p>Dopo il pranzo al Kedar ghat, Edoardo e io, incontriamo Maria Tavernini, la ragazza di Napoli che lavora come giornalista per diverse testate. Lei, scrive, in particolare, degli articoli sull&#8217;India e trascorre diversi mesi qui, insieme al suo compagno fotografo. D&#8217;estate gestiscono un ristorante a Napoli, sulla riva del mare. Lungo i ghat, Edoardo ci mostra un altro ashram, dove, ogni giorno, alle 14:00 offono il pranzo a tutti quelli che si presentano. Ci sono cos\u00ec tanti posti a Varanasi, ma in tutta l&#8217;India, dove si pu\u00f2 mangiare gratuitamente e con dignit\u00e0.\u00a0 Io, non riesco a capire come mai ci sia ancora tutta quella gente per le strade che chiede l&#8217;elemosina, portandosi la mano alla bocca per indicare che ha fame.<\/p>\n<p><a href=\"https:\/\/ilmioviaggio.me\/wp-content\/uploads\/2019\/03\/sadhu-bacche.jpg\" rel=\"attachment wp-att-4694\"><img loading=\"lazy\" decoding=\"async\" class=\"alignnone size-medium wp-image-4694\" src=\"https:\/\/ilmioviaggio.me\/wp-content\/uploads\/2019\/03\/sadhu-bacche-300x225.jpg\" alt=\"sadhu bacche\" width=\"300\" height=\"225\" srcset=\"https:\/\/ilmioviaggio.me\/wp-content\/uploads\/2019\/03\/sadhu-bacche-300x225.jpg 300w, https:\/\/ilmioviaggio.me\/wp-content\/uploads\/2019\/03\/sadhu-bacche-768x576.jpg 768w, https:\/\/ilmioviaggio.me\/wp-content\/uploads\/2019\/03\/sadhu-bacche-1024x768.jpg 1024w\" sizes=\"auto, (max-width: 300px) 100vw, 300px\" \/><\/a><\/p>\n<p><em>Il sadhu vestito di bacche mentre distribuisce benedizioni.<\/em><\/p>\n<p>Maria ci racconta delle tematiche dei suoi ultimi articoli che riguardano la situazione critica dei rapporti tra India e Pakistan, e sulla zona devastata dalle demolizioni intorno al Manikarnika ghat e al Wishwanath Temple. Ci parla anche di un reportage che sta ultimando, insieme al suo compagno Andrea de Franciscis, fotografo, sulla terribile siccit\u00e0 che ha colpito il Panjab in questi ultimi anni. Il Panjab \u00e8 una regione vicinissima al confine con il Pakistan, con una lunga storia ricca di avvenimenti e tradizioni culturali. Mi stupisce il fatto che, nel 326 a.C., Alessandro Magno sia penetrato, con il suo esercito, nella parte Nord di questa regione. Edoardo, invece, ci racconta della sua ricerca di dottorato sulle prostitute di Varanasi e, nei prossimi giorni andremo insieme a visitare quel quartiere.<\/p>\n","protected":false},"excerpt":{"rendered":"<p>Mattinata tranquilla, seduta al tepore del Chausati ghat, alle prese con l&#8217;aggiustamento del top, un lavoro inutile, che sta arrivando alla fine. C&#8217;\u00e8 Sonu l\u00e0 sotto: sta disteso sulla sua barca pi\u00f9 grande, all&#8217;ombra del nuovo tettuccio, formato da due sarees coloratissimi, tenuti su con quattro pali. Alle 14:00 incontrer\u00f2 Edoardo, l&#8217;amico di mio figlio, &hellip; <a href=\"https:\/\/ilmioviaggio.me\/?p=4687\" class=\"more-link\">Continua a leggere <span class=\"screen-reader-text\">Varanasi, 2 marzo 2019<\/span><\/a><\/p>\n","protected":false},"author":2,"featured_media":0,"comment_status":"open","ping_status":"open","sticky":false,"template":"","format":"standard","meta":{"footnotes":""},"categories":[1],"tags":[],"class_list":["post-4687","post","type-post","status-publish","format-standard","hentry","category-senza-categoria"],"_links":{"self":[{"href":"https:\/\/ilmioviaggio.me\/index.php?rest_route=\/wp\/v2\/posts\/4687","targetHints":{"allow":["GET"]}}],"collection":[{"href":"https:\/\/ilmioviaggio.me\/index.php?rest_route=\/wp\/v2\/posts"}],"about":[{"href":"https:\/\/ilmioviaggio.me\/index.php?rest_route=\/wp\/v2\/types\/post"}],"author":[{"embeddable":true,"href":"https:\/\/ilmioviaggio.me\/index.php?rest_route=\/wp\/v2\/users\/2"}],"replies":[{"embeddable":true,"href":"https:\/\/ilmioviaggio.me\/index.php?rest_route=%2Fwp%2Fv2%2Fcomments&post=4687"}],"version-history":[{"count":4,"href":"https:\/\/ilmioviaggio.me\/index.php?rest_route=\/wp\/v2\/posts\/4687\/revisions"}],"predecessor-version":[{"id":5693,"href":"https:\/\/ilmioviaggio.me\/index.php?rest_route=\/wp\/v2\/posts\/4687\/revisions\/5693"}],"wp:attachment":[{"href":"https:\/\/ilmioviaggio.me\/index.php?rest_route=%2Fwp%2Fv2%2Fmedia&parent=4687"}],"wp:term":[{"taxonomy":"category","embeddable":true,"href":"https:\/\/ilmioviaggio.me\/index.php?rest_route=%2Fwp%2Fv2%2Fcategories&post=4687"},{"taxonomy":"post_tag","embeddable":true,"href":"https:\/\/ilmioviaggio.me\/index.php?rest_route=%2Fwp%2Fv2%2Ftags&post=4687"}],"curies":[{"name":"wp","href":"https:\/\/api.w.org\/{rel}","templated":true}]}}