{"id":4733,"date":"2019-03-05T04:12:36","date_gmt":"2019-03-05T04:12:36","guid":{"rendered":"https:\/\/ilmioviaggio.me\/?p=4733"},"modified":"2019-04-24T18:20:57","modified_gmt":"2019-04-24T18:20:57","slug":"varanasi-4-marzo-2019","status":"publish","type":"post","link":"https:\/\/ilmioviaggio.me\/?p=4733","title":{"rendered":"Varanasi, 4 marzo 2019"},"content":{"rendered":"<p>Ieri sera \u00e8 iniziato il Shivaratri, il festival che ricorda il matrimonio tra Shiva e Parvati.<\/p>\n<p><a href=\"https:\/\/ilmioviaggio.me\/wp-content\/uploads\/2019\/03\/ressa-tra-God-e-Bang.jpg\" rel=\"attachment wp-att-4736\"><img loading=\"lazy\" decoding=\"async\" class=\"alignnone size-medium wp-image-4736\" src=\"https:\/\/ilmioviaggio.me\/wp-content\/uploads\/2019\/03\/ressa-tra-God-e-Bang-300x225.jpg\" alt=\"ressa tra God e Bang\" width=\"300\" height=\"225\" srcset=\"https:\/\/ilmioviaggio.me\/wp-content\/uploads\/2019\/03\/ressa-tra-God-e-Bang-300x225.jpg 300w, https:\/\/ilmioviaggio.me\/wp-content\/uploads\/2019\/03\/ressa-tra-God-e-Bang-768x576.jpg 768w, https:\/\/ilmioviaggio.me\/wp-content\/uploads\/2019\/03\/ressa-tra-God-e-Bang-1024x768.jpg 1024w\" sizes=\"auto, (max-width: 300px) 100vw, 300px\" \/><\/a><\/p>\n<p><em>Godowlia, 4 marzo 2019.<\/em><\/p>\n<p>E&#8217; tornato il sole, ma le gali, le strade e il lungo fiume sono ancora bagnati e fangosi. Tra Bangali Tola e Godowlia c&#8217;\u00e8 una marea di gente: stanno in fila dentro il percorso delimitato dalla staccionata per entrare al Vishwanath Temple. Anche sulla strada libera, quella che porta verso il Dashashwamedh ghat c&#8217;\u00e8 una grande folla. Gi\u00e0 quando si arriva sopra la scalinata, c&#8217;\u00e8 una massa incontrollata di gente che spinge, con forza e senza scrupoli, per farsi strada.<\/p>\n<p><a href=\"https:\/\/ilmioviaggio.me\/wp-content\/uploads\/2019\/03\/ressa2.jpg\" rel=\"attachment wp-att-4737\"><img loading=\"lazy\" decoding=\"async\" class=\"alignnone size-medium wp-image-4737\" src=\"https:\/\/ilmioviaggio.me\/wp-content\/uploads\/2019\/03\/ressa2-300x225.jpg\" alt=\"ressa2\" width=\"300\" height=\"225\" srcset=\"https:\/\/ilmioviaggio.me\/wp-content\/uploads\/2019\/03\/ressa2-300x225.jpg 300w, https:\/\/ilmioviaggio.me\/wp-content\/uploads\/2019\/03\/ressa2-768x576.jpg 768w, https:\/\/ilmioviaggio.me\/wp-content\/uploads\/2019\/03\/ressa2-1024x768.jpg 1024w\" sizes=\"auto, (max-width: 300px) 100vw, 300px\" \/><\/a><\/p>\n<p><em>Tra Godowlia e Bangali Tola, 4 marzo 2019.<\/em><\/p>\n<p>Tra la calca della folla, una famiglia di Aurangabad, nel Maharashtra, mi si avvicina per scattare una foto di gruppo. Scendendo al Dashashwamedh ghat vedo che i sadhu, nonostante il Kumbh Mela sia terminato, sono ancora impegnati a distribuire benedizioni e scopettate.<\/p>\n<p><a href=\"https:\/\/ilmioviaggio.me\/wp-content\/uploads\/2019\/03\/al-Gange2.jpg\" rel=\"attachment wp-att-4738\"><img loading=\"lazy\" decoding=\"async\" class=\"alignnone size-medium wp-image-4738\" src=\"https:\/\/ilmioviaggio.me\/wp-content\/uploads\/2019\/03\/al-Gange2-300x225.jpg\" alt=\"al Gange2\" width=\"300\" height=\"225\" srcset=\"https:\/\/ilmioviaggio.me\/wp-content\/uploads\/2019\/03\/al-Gange2-300x225.jpg 300w, https:\/\/ilmioviaggio.me\/wp-content\/uploads\/2019\/03\/al-Gange2-768x576.jpg 768w, https:\/\/ilmioviaggio.me\/wp-content\/uploads\/2019\/03\/al-Gange2-1024x768.jpg 1024w\" sizes=\"auto, (max-width: 300px) 100vw, 300px\" \/><\/a><\/p>\n<p><em>Sul Gange il giorno del Shivaratri.<\/em><\/p>\n<p>Qualcuno, per\u00f2, mi ha detto che, pian piano, se ne andranno, quasi tutti. Mi guardo intorno: ci sono degli uomini con il turbante bianco sulla testa. Mentre gli indiani riescono a capire da che regione provengono i vari gruppi dal modo in cui si vestono, io ho imparato soltanto che gli uomini con il turbante bianco in testa arrivano dal Rajasthan.<\/p>\n<p><a href=\"https:\/\/ilmioviaggio.me\/wp-content\/uploads\/2019\/03\/dal-Rajasth.jpg\" rel=\"attachment wp-att-4740\"><img loading=\"lazy\" decoding=\"async\" class=\"alignnone size-medium wp-image-4740\" src=\"https:\/\/ilmioviaggio.me\/wp-content\/uploads\/2019\/03\/dal-Rajasth-300x225.jpg\" alt=\"dal Rajasth\" width=\"300\" height=\"225\" srcset=\"https:\/\/ilmioviaggio.me\/wp-content\/uploads\/2019\/03\/dal-Rajasth-300x225.jpg 300w, https:\/\/ilmioviaggio.me\/wp-content\/uploads\/2019\/03\/dal-Rajasth-768x576.jpg 768w, https:\/\/ilmioviaggio.me\/wp-content\/uploads\/2019\/03\/dal-Rajasth-1024x768.jpg 1024w\" sizes=\"auto, (max-width: 300px) 100vw, 300px\" \/><\/a><\/p>\n<p><em>Manmandir ghat, 4 marzo 2019. Pellegrini del Rajasthan al Shivaratri.<\/em><\/p>\n<p>Di questi ne ho visti diversi oggi, sia nelle file per il Vishwanath Temple sia qui, ora, sui ghat. Un indiano, sdentato e sorridente, viene a sedersi accanto a me. Ha in braccio un bellissimo bambino di circa un anno. Lui mi dice che il Shivaratri dura tre giorni, ma altri invece mi hanno assicurato che questa notte sar\u00e0 tutto finito. Questo indiano mi racconta che lavora in un college come facilitatore della lingua inglese, ma sicuramente ho capito male, perch\u00e8 l&#8217;inglese lo parla molto poco.<\/p>\n<p><a href=\"https:\/\/ilmioviaggio.me\/wp-content\/uploads\/2019\/03\/dashashw.jpg\" rel=\"attachment wp-att-4741\"><img loading=\"lazy\" decoding=\"async\" class=\"alignnone size-medium wp-image-4741\" src=\"https:\/\/ilmioviaggio.me\/wp-content\/uploads\/2019\/03\/dashashw-300x225.jpg\" alt=\"dashashw\" width=\"300\" height=\"225\" srcset=\"https:\/\/ilmioviaggio.me\/wp-content\/uploads\/2019\/03\/dashashw-300x225.jpg 300w, https:\/\/ilmioviaggio.me\/wp-content\/uploads\/2019\/03\/dashashw-768x576.jpg 768w, https:\/\/ilmioviaggio.me\/wp-content\/uploads\/2019\/03\/dashashw-1024x768.jpg 1024w\" sizes=\"auto, (max-width: 300px) 100vw, 300px\" \/><\/a><\/p>\n<p><em>Folla al Dashashwamedh ghat. 4 marzo 2019.<\/em><\/p>\n<p>Con la giornata soleggiata l&#8217;atmosfera \u00e8 molto pi\u00f9 allegra e, qua e l\u00e0, sono anche ricomparse le donne che tengono con le mani i sarees stesi ad asciugare. Io son seduta al Manmandir ghat, tra le bancarelle di collane e la staccionata con dei vestiti appoggiati sopra. Il vecchio Black baba che stava qui, non si vede pi\u00f9, da diversi giorni.<\/p>\n<p><a href=\"https:\/\/ilmioviaggio.me\/wp-content\/uploads\/2019\/03\/Dashasshwa.jpg\" rel=\"attachment wp-att-4747\"><img loading=\"lazy\" decoding=\"async\" class=\"alignnone size-medium wp-image-4747\" src=\"https:\/\/ilmioviaggio.me\/wp-content\/uploads\/2019\/03\/Dashasshwa-300x225.jpg\" alt=\"Dashasshwa\" width=\"300\" height=\"225\" srcset=\"https:\/\/ilmioviaggio.me\/wp-content\/uploads\/2019\/03\/Dashasshwa-300x225.jpg 300w, https:\/\/ilmioviaggio.me\/wp-content\/uploads\/2019\/03\/Dashasshwa-768x576.jpg 768w, https:\/\/ilmioviaggio.me\/wp-content\/uploads\/2019\/03\/Dashasshwa-1024x768.jpg 1024w\" sizes=\"auto, (max-width: 300px) 100vw, 300px\" \/><\/a><\/p>\n<p><em>\u00a0Al Dashashwamedh ghat, il 4 marzo 2019.<\/em><\/p>\n<p>Passa una ragazzina abbastanza grande, di quelle che girano vestite da divinit\u00e0. Mi saluta e se ne va, ma poi torna insieme al bambino pi\u00f9 piccolo, vestito allo stesso modo. Lui, appena mi vede, inizia a contare, ma si \u00e8 gi\u00e0 dimenticato i primi tre numeri. Entrambi mi dicono che frequentano la scuola: la pi\u00f9 grande \u00e8 in quarta, il pi\u00f9 piccolo in prima. Chiss\u00e0 se \u00e8 vero! I due bambini se ne vanno e arriva un sadhu. Forse \u00e8 lo stesso che l&#8217;altra sera si era seduto accanto a me al Chousati ghat. Difatti, mi dice le stesse cose per poi chiedermi dei soldi.<\/p>\n<p><a href=\"https:\/\/ilmioviaggio.me\/wp-content\/uploads\/2019\/03\/massaggio-al-dash.jpg\" rel=\"attachment wp-att-4743\"><img loading=\"lazy\" decoding=\"async\" class=\"alignnone size-medium wp-image-4743\" src=\"https:\/\/ilmioviaggio.me\/wp-content\/uploads\/2019\/03\/massaggio-al-dash-300x225.jpg\" alt=\"massaggio al dash\" width=\"300\" height=\"225\" srcset=\"https:\/\/ilmioviaggio.me\/wp-content\/uploads\/2019\/03\/massaggio-al-dash-300x225.jpg 300w, https:\/\/ilmioviaggio.me\/wp-content\/uploads\/2019\/03\/massaggio-al-dash-768x576.jpg 768w, https:\/\/ilmioviaggio.me\/wp-content\/uploads\/2019\/03\/massaggio-al-dash-1024x768.jpg 1024w\" sizes=\"auto, (max-width: 300px) 100vw, 300px\" \/><\/a><\/p>\n<p><em>Massaggio al Dashaswamedh ghat.<\/em><\/p>\n<p>Poco dopo mezzogiorno la gente sui ghat diminuisce un po&#8217; rispetto a due ore fa. Torno verso la zona della mia guest house, ma rimango sul lungo fiume. I sadhu che benedicono e danno scopettate sono ancora molti sia al Dashashwamedh ghat che pi\u00f9 gi\u00f9, al Rama ghat. Di fronte alla Tea-stall hanno costruito un nuovo lingam, avvolto nella bambagia e addobbato con dei fiori.<\/p>\n<p><a href=\"https:\/\/ilmioviaggio.me\/wp-content\/uploads\/2019\/03\/lingam-rivest.jpg\" rel=\"attachment wp-att-4750\"><img loading=\"lazy\" decoding=\"async\" class=\"alignnone size-medium wp-image-4750\" src=\"https:\/\/ilmioviaggio.me\/wp-content\/uploads\/2019\/03\/lingam-rivest-300x225.jpg\" alt=\"lingam rivest\" width=\"300\" height=\"225\" srcset=\"https:\/\/ilmioviaggio.me\/wp-content\/uploads\/2019\/03\/lingam-rivest-300x225.jpg 300w, https:\/\/ilmioviaggio.me\/wp-content\/uploads\/2019\/03\/lingam-rivest-768x576.jpg 768w, https:\/\/ilmioviaggio.me\/wp-content\/uploads\/2019\/03\/lingam-rivest-1024x768.jpg 1024w\" sizes=\"auto, (max-width: 300px) 100vw, 300px\" \/><\/a><\/p>\n<p><em>Rama ghat, 4 marzo 2019. Il lingam rivestito di bambagia.<\/em><\/p>\n<p>Dopo il Chousati ghat la situazione cambia: molteplici gruppi stanno celebrando delle puje particolari. Un grosso pellegrinaggio comprendente gente del Maharashtra, del Karnataka e dell&#8217;Andhra Pradesh sta celebrando una ricca puja con diversi sacerdoti insieme.<\/p>\n<p><a href=\"https:\/\/ilmioviaggio.me\/wp-content\/uploads\/2019\/03\/puja5-kar-uomosolo.jpg\" rel=\"attachment wp-att-4745\"><img loading=\"lazy\" decoding=\"async\" class=\"alignnone size-medium wp-image-4745\" src=\"https:\/\/ilmioviaggio.me\/wp-content\/uploads\/2019\/03\/puja5-kar-uomosolo-225x300.jpg\" alt=\"puja5 kar uomosolo\" width=\"225\" height=\"300\" srcset=\"https:\/\/ilmioviaggio.me\/wp-content\/uploads\/2019\/03\/puja5-kar-uomosolo-225x300.jpg 225w, https:\/\/ilmioviaggio.me\/wp-content\/uploads\/2019\/03\/puja5-kar-uomosolo-768x1024.jpg 768w\" sizes=\"auto, (max-width: 225px) 100vw, 225px\" \/><\/a><\/p>\n<p><em>Puja dei pellegrini del Maharashtra, del Karnataka e dell&#8217;Andhra Pradesh.<\/em><\/p>\n<p>Su un lingam di pietra hanno versato latte di mucca e di cocco, riso, pezzi di banana e foglie verdi. Accanto c&#8217;\u00e8 una fiamma accesa. A momenti, qualcuno del gruppo, suona a lungo un campanello e interrompe la recita del mantra con altre parole. Poco pi\u00f9 gi\u00f9, sempre al Manasarowar ghat, c&#8217;\u00e8 un gruppo pi\u00f9 piccolo di persone, proveniente da Hyderabadh.<\/p>\n<p><a href=\"https:\/\/ilmioviaggio.me\/wp-content\/uploads\/2019\/03\/Puja-parvati-shiva.jpg\" rel=\"attachment wp-att-4746\"><img loading=\"lazy\" decoding=\"async\" class=\"alignnone size-medium wp-image-4746\" src=\"https:\/\/ilmioviaggio.me\/wp-content\/uploads\/2019\/03\/Puja-parvati-shiva-300x225.jpg\" alt=\"Puja parvati shiva\" width=\"300\" height=\"225\" srcset=\"https:\/\/ilmioviaggio.me\/wp-content\/uploads\/2019\/03\/Puja-parvati-shiva-300x225.jpg 300w, https:\/\/ilmioviaggio.me\/wp-content\/uploads\/2019\/03\/Puja-parvati-shiva-768x576.jpg 768w, https:\/\/ilmioviaggio.me\/wp-content\/uploads\/2019\/03\/Puja-parvati-shiva-1024x768.jpg 1024w\" sizes=\"auto, (max-width: 300px) 100vw, 300px\" \/><\/a><\/p>\n<p><em>Puja con fantocci di Shiva e Parvati sposi.<\/em><\/p>\n<p>Questi pellegrini hanno costruito, nella location della puja, anche due fantocci con le figure di Shiva e Parvati vestiti da sposi. Seguono, pi\u00f9 gi\u00f9, altre piccole puja, molto simili nel loro rituale, ma diverse nell&#8217;allestimento e nel numero di persone coinvolte. Al Somesoswar ghat, dove c&#8217;\u00e8 il palazzetto dei barcaioli, tra i due grossi templi dedicati a Shiva si sta celebrando un&#8217;altra grossa e ricca puja, con molti alimenti versati sul lingam e molte persone intorno.<\/p>\n<p><a href=\"https:\/\/ilmioviaggio.me\/wp-content\/uploads\/2019\/03\/puja-al-Manasarowar-ghat.jpg\" rel=\"attachment wp-att-4742\"><img loading=\"lazy\" decoding=\"async\" class=\"alignnone size-medium wp-image-4742\" src=\"https:\/\/ilmioviaggio.me\/wp-content\/uploads\/2019\/03\/puja-al-Manasarowar-ghat-300x225.jpg\" alt=\"puja al Manasarowar ghat\" width=\"300\" height=\"225\" srcset=\"https:\/\/ilmioviaggio.me\/wp-content\/uploads\/2019\/03\/puja-al-Manasarowar-ghat-300x225.jpg 300w, https:\/\/ilmioviaggio.me\/wp-content\/uploads\/2019\/03\/puja-al-Manasarowar-ghat-768x576.jpg 768w, https:\/\/ilmioviaggio.me\/wp-content\/uploads\/2019\/03\/puja-al-Manasarowar-ghat-1024x768.jpg 1024w\" sizes=\"auto, (max-width: 300px) 100vw, 300px\" \/><\/a><\/p>\n<p><em>Puja al Somesoswar ghat.<\/em><\/p>\n<p>Mi si avvicina un ragazzo di 22 anni. Si chiama Pardi e fa il barcaiolo. Mi racconta che parla diverse lingue oltre all&#8217;hindi, tra cui l&#8217;inglese, il bengali e il giapponese. Lui non \u00e8 mai andato a scuola e non sa n\u00e8 leggere n\u00e8 scrivere. Le lingue straniere le ha imparate stando qui, sul ghat, con la gente.<\/p>\n<p><a href=\"https:\/\/ilmioviaggio.me\/wp-content\/uploads\/2019\/03\/la-madre-di-Sonu.jpg\" rel=\"attachment wp-att-4748\"><img loading=\"lazy\" decoding=\"async\" class=\"alignnone size-medium wp-image-4748\" src=\"https:\/\/ilmioviaggio.me\/wp-content\/uploads\/2019\/03\/la-madre-di-Sonu-300x271.jpg\" alt=\"la madre di Sonu\" width=\"300\" height=\"271\" srcset=\"https:\/\/ilmioviaggio.me\/wp-content\/uploads\/2019\/03\/la-madre-di-Sonu-300x271.jpg 300w, https:\/\/ilmioviaggio.me\/wp-content\/uploads\/2019\/03\/la-madre-di-Sonu-768x695.jpg 768w, https:\/\/ilmioviaggio.me\/wp-content\/uploads\/2019\/03\/la-madre-di-Sonu-1024x927.jpg 1024w\" sizes=\"auto, (max-width: 300px) 100vw, 300px\" \/><\/a><\/p>\n<p><em>La madre di Sonu.<\/em><\/p>\n<p>La sera, al Chousati ghat incontro Maria Tavernini, una giornalista di Napoli. Parliamo dell&#8217;intervista che ha appena fatto a mio figlio sul libro &#8220;Linee di controllo&#8221;che lui ha scritto di recente. Poi, collegandoci a Napoli, ci soffermiamo sui libri ultimamente scritti da Elena Ferrante ed alle parti tramutate in sceneggiato e trasmesso recentemente in TV. Maria deve incontrare il suo ragazzo e anche Edoardo, all&#8217;Assi ghat. Loro lo sanno che alla sera mi rintano nella mia stanza e ceno l\u00ec con poche cose. Maria, per\u00f2, mi chiede ugualmente di congiungermi a loro. Io, sono cos\u00ec felice quando vedo che esiste questo piccolo mondo, cos\u00ec umano, semplice e sensibile! Accanto a me, ora si siede la mamma di Sonu e Guddu, i due fratelli barcaioli del Chousati ghat. Stasera, qui, c&#8217;\u00e8 anche l&#8217;altro fratello, quello di mezzo. La madre dei ragazzi avr\u00e0 poco pi\u00f9 di 50 anni ed \u00e8 molto curata nella sua semplicit\u00e0. Indossa un sari sul verde, degli anelli alle dita, una lunga fila di bracciali ai polsi. Alle caviglie porta delle grosse cavigliere, argentate. Ha una borsetta bianca tra le mani che apre velocemente per riporre i soldi che uno dei figli le ha appena consegnato. Guddu \u00e8 seduto accanto a me e a sua madre. Gli chiedo quanti anni abbia. &#8220;Are you twenti years old?&#8221; gli dico. Lui mi risponde affermativamente, ma segue una lunga discussione con la madre per risalire all&#8217;anno della sua nascita: il 1993. Quindi, ha 26 anni. Il giorno se lo ricorda bene: il 29 gennaio!<\/p>\n<p><a href=\"https:\/\/ilmioviaggio.me\/wp-content\/uploads\/2019\/03\/gioielli.jpg\" rel=\"attachment wp-att-4749\"><img loading=\"lazy\" decoding=\"async\" class=\"alignnone size-medium wp-image-4749\" src=\"https:\/\/ilmioviaggio.me\/wp-content\/uploads\/2019\/03\/gioielli-225x300.jpg\" alt=\"gioielli\" width=\"225\" height=\"300\" srcset=\"https:\/\/ilmioviaggio.me\/wp-content\/uploads\/2019\/03\/gioielli-225x300.jpg 225w, https:\/\/ilmioviaggio.me\/wp-content\/uploads\/2019\/03\/gioielli-768x1024.jpg 768w\" sizes=\"auto, (max-width: 225px) 100vw, 225px\" \/><\/a><\/p>\n<p><em>Un affollato negozio di gioielli e bigiotterie a Bangali Tola.<\/em><\/p>\n<p>Nessuno dei tre fratelli \u00e8 mai andato a scuola. Anche loro, come Pardi, l&#8217;altro barcaiolo, non sanno n\u00e8 leggere n\u00e8 scrivere, ma parlano diverse lingue. C&#8217;\u00e8 un altro ragazzo sempre qui sul ghat: lui lavora per Sonu e i fratelli. Si chiama Chotu, ha 22 anni, ed ha frequentato la scuola statale fino alla decima classe. Quando saluto la madre dei tre fratelli che se ne sta andando via con un &#8220;Namaste&#8221; Chotu mi corregge e mi insegna che, quando ci si lascia, ci si saluta con un &#8220;Tata&#8221;! Torno in guest house attraverso la citt\u00e0 vecchia di Bangali Tola. Mi fermo ad osservare un gruppo di pellegrine che sta scegliendo dei gioielli o, forse, delle bigiotterie davanti al bancone di un negozio che s&#8217;affaccia sulla stradina. Alcune di loro portano delle grosse borse sulla testa, ma non hanno fretta: scelgono con cura ogni cosa, discutendone, alla fine, animatamente, i prezzi.<\/p>\n","protected":false},"excerpt":{"rendered":"<p>Ieri sera \u00e8 iniziato il Shivaratri, il festival che ricorda il matrimonio tra Shiva e Parvati. Godowlia, 4 marzo 2019. E&#8217; tornato il sole, ma le gali, le strade e il lungo fiume sono ancora bagnati e fangosi. Tra Bangali Tola e Godowlia c&#8217;\u00e8 una marea di gente: stanno in fila dentro il percorso delimitato &hellip; <a href=\"https:\/\/ilmioviaggio.me\/?p=4733\" class=\"more-link\">Continua a leggere <span class=\"screen-reader-text\">Varanasi, 4 marzo 2019<\/span><\/a><\/p>\n","protected":false},"author":2,"featured_media":0,"comment_status":"open","ping_status":"open","sticky":false,"template":"","format":"standard","meta":{"footnotes":""},"categories":[1],"tags":[],"class_list":["post-4733","post","type-post","status-publish","format-standard","hentry","category-senza-categoria"],"_links":{"self":[{"href":"https:\/\/ilmioviaggio.me\/index.php?rest_route=\/wp\/v2\/posts\/4733","targetHints":{"allow":["GET"]}}],"collection":[{"href":"https:\/\/ilmioviaggio.me\/index.php?rest_route=\/wp\/v2\/posts"}],"about":[{"href":"https:\/\/ilmioviaggio.me\/index.php?rest_route=\/wp\/v2\/types\/post"}],"author":[{"embeddable":true,"href":"https:\/\/ilmioviaggio.me\/index.php?rest_route=\/wp\/v2\/users\/2"}],"replies":[{"embeddable":true,"href":"https:\/\/ilmioviaggio.me\/index.php?rest_route=%2Fwp%2Fv2%2Fcomments&post=4733"}],"version-history":[{"count":4,"href":"https:\/\/ilmioviaggio.me\/index.php?rest_route=\/wp\/v2\/posts\/4733\/revisions"}],"predecessor-version":[{"id":5691,"href":"https:\/\/ilmioviaggio.me\/index.php?rest_route=\/wp\/v2\/posts\/4733\/revisions\/5691"}],"wp:attachment":[{"href":"https:\/\/ilmioviaggio.me\/index.php?rest_route=%2Fwp%2Fv2%2Fmedia&parent=4733"}],"wp:term":[{"taxonomy":"category","embeddable":true,"href":"https:\/\/ilmioviaggio.me\/index.php?rest_route=%2Fwp%2Fv2%2Fcategories&post=4733"},{"taxonomy":"post_tag","embeddable":true,"href":"https:\/\/ilmioviaggio.me\/index.php?rest_route=%2Fwp%2Fv2%2Ftags&post=4733"}],"curies":[{"name":"wp","href":"https:\/\/api.w.org\/{rel}","templated":true}]}}