{"id":4752,"date":"2019-03-06T02:30:13","date_gmt":"2019-03-06T02:30:13","guid":{"rendered":"https:\/\/ilmioviaggio.me\/?p=4752"},"modified":"2019-04-24T18:07:11","modified_gmt":"2019-04-24T18:07:11","slug":"varanasi-5-marzo-2019","status":"publish","type":"post","link":"https:\/\/ilmioviaggio.me\/?p=4752","title":{"rendered":"Varanasi, 5 marzo 2019"},"content":{"rendered":"<p>Sono riprese le puje tradizionale, quelle dedicate ai defunti e che lasciano le parenti donne in disparte.<\/p>\n<p><a href=\"https:\/\/ilmioviaggio.me\/wp-content\/uploads\/2019\/03\/puja2-bis.jpg\" rel=\"attachment wp-att-4755\"><img loading=\"lazy\" decoding=\"async\" class=\"alignnone size-medium wp-image-4755\" src=\"https:\/\/ilmioviaggio.me\/wp-content\/uploads\/2019\/03\/puja2-bis-300x225.jpg\" alt=\"puja2 bis\" width=\"300\" height=\"225\" srcset=\"https:\/\/ilmioviaggio.me\/wp-content\/uploads\/2019\/03\/puja2-bis-300x225.jpg 300w, https:\/\/ilmioviaggio.me\/wp-content\/uploads\/2019\/03\/puja2-bis-768x576.jpg 768w, https:\/\/ilmioviaggio.me\/wp-content\/uploads\/2019\/03\/puja2-bis-1024x768.jpg 1024w\" sizes=\"auto, (max-width: 300px) 100vw, 300px\" \/><\/a><\/p>\n<p><em>Puja per gli antenati lungo i ghat.<\/em><\/p>\n<p>Nella zona che va dal Manasarowar al Kedar ghat se ne stanno celebrando diverse. Sono quasi le 11:00 e si vedono alcuni gruppi di indiani ancora immersi nel fiume o appena usciti dall&#8217;acqua che si stanno asciugando. Sulla scalinata del Kedar ghat si vedono sventolare dei bellissimi sarees tenuti stretti dalle mani di alcune donne.<\/p>\n<p><a href=\"https:\/\/ilmioviaggio.me\/wp-content\/uploads\/2019\/03\/Kedar2-sares.jpg\" rel=\"attachment wp-att-4761\"><img loading=\"lazy\" decoding=\"async\" class=\"alignnone size-medium wp-image-4761\" src=\"https:\/\/ilmioviaggio.me\/wp-content\/uploads\/2019\/03\/Kedar2-sares-300x225.jpg\" alt=\"Kedar2 sares\" width=\"300\" height=\"225\" srcset=\"https:\/\/ilmioviaggio.me\/wp-content\/uploads\/2019\/03\/Kedar2-sares-300x225.jpg 300w, https:\/\/ilmioviaggio.me\/wp-content\/uploads\/2019\/03\/Kedar2-sares-768x576.jpg 768w, https:\/\/ilmioviaggio.me\/wp-content\/uploads\/2019\/03\/Kedar2-sares-1024x768.jpg 1024w\" sizes=\"auto, (max-width: 300px) 100vw, 300px\" \/><\/a><\/p>\n<p><em>Kedar ghat in tarda mattinata. 5 marzo 2019.<\/em><\/p>\n<p>Ci sono diversi stranieri che camminano lungo i ghat oggi, molti pi\u00f9 dei giorni scorsi. Tra le tende mi sembra di scorgere degli spazi vuoti, in particolare quaggi\u00f9, al Mahanirvani e al Shivala ghat. La porta dell&#8217;ashram \u00e8 aperta, ma quando salgo, insieme ad un ragazzo di Cochin, nel Kerala, poco prima delle 13:00, c&#8217;\u00e8 soltanto del riso asciutto e del cjapati. Il dhal e le altre salse sono terminate.<\/p>\n<p><a href=\"https:\/\/ilmioviaggio.me\/wp-content\/uploads\/2019\/03\/me3ok.jpg\" rel=\"attachment wp-att-4760\"><img loading=\"lazy\" decoding=\"async\" class=\"alignnone size-medium wp-image-4760\" src=\"https:\/\/ilmioviaggio.me\/wp-content\/uploads\/2019\/03\/me3ok-225x300.jpg\" alt=\"me3ok\" width=\"225\" height=\"300\" srcset=\"https:\/\/ilmioviaggio.me\/wp-content\/uploads\/2019\/03\/me3ok-225x300.jpg 225w, https:\/\/ilmioviaggio.me\/wp-content\/uploads\/2019\/03\/me3ok-768x1024.jpg 768w\" sizes=\"auto, (max-width: 225px) 100vw, 225px\" \/><\/a><\/p>\n<p><em>La Prasada, il cibo santificato offerto all&#8217;Harishchandra ghat.<\/em><\/p>\n<p>Ritorno verso Bangali Tola convinta di andare a pranzo al Monalisa restaurant anche oggi. All&#8217; ingresso dell&#8217;Harishchandra ghat c&#8217;\u00e8 pi\u00f9 di una fila di adulti e bambini che stanno pranzando seduti su una striscia di tela srotolata. Un sacerdote e altri volontari stanno distribuendo una specie di zuppa, composta da riso mescolato al dhal, prendendolo dai secchi e versandolo in ogni piatto di foglie. Tutti mi invitano a sedermi e a pranzare con la &#8220;Prasada,&#8221; il cibo sacro cucinato nel piccolo tempio di Shiva, qui all&#8217;Harishchanda ghat.<\/p>\n<p><a href=\"https:\/\/ilmioviaggio.me\/wp-content\/uploads\/2019\/03\/mensa-Ha9.jpg\" rel=\"attachment wp-att-4764\"><img loading=\"lazy\" decoding=\"async\" class=\"alignnone size-medium wp-image-4764\" src=\"https:\/\/ilmioviaggio.me\/wp-content\/uploads\/2019\/03\/mensa-Ha9-225x300.jpg\" alt=\"mensa Ha9\" width=\"225\" height=\"300\" srcset=\"https:\/\/ilmioviaggio.me\/wp-content\/uploads\/2019\/03\/mensa-Ha9-225x300.jpg 225w, https:\/\/ilmioviaggio.me\/wp-content\/uploads\/2019\/03\/mensa-Ha9-768x1024.jpg 768w\" sizes=\"auto, (max-width: 225px) 100vw, 225px\" \/><\/a><\/p>\n<p><em>Distribuzione della Prasada, il cibo sacro, all&#8217;Harishchandra ghat.<\/em><\/p>\n<p>Guardo le persone adulte, di ogni et\u00e0, ed anche i numerosi bambini seduti con le gambe incrociate che gi\u00e0 stanno mangiando con le mani. Gironzolo intorno e rispondo agli inviti con un: &#8220;No, no, thank you!&#8221; Poi, mi dispiace rifiutare quello che mi propone questa gente, con tanta generosit\u00e0, e mi siedo accanto a loro. Dalla borsa prendo il cucchiaio che ormai porto sempre con me e pranzo con questa squisitissima &#8220;Prasada&#8221;. Riprendo il cammino verso la guest house.<\/p>\n<p><a href=\"https:\/\/ilmioviaggio.me\/wp-content\/uploads\/2019\/03\/bamb-venditrr-coll.jpg\" rel=\"attachment wp-att-4758\"><img loading=\"lazy\" decoding=\"async\" class=\"alignnone size-medium wp-image-4758\" src=\"https:\/\/ilmioviaggio.me\/wp-content\/uploads\/2019\/03\/bamb-venditrr-coll-300x225.jpg\" alt=\"bamb venditrr coll\" width=\"300\" height=\"225\" srcset=\"https:\/\/ilmioviaggio.me\/wp-content\/uploads\/2019\/03\/bamb-venditrr-coll-300x225.jpg 300w, https:\/\/ilmioviaggio.me\/wp-content\/uploads\/2019\/03\/bamb-venditrr-coll-768x576.jpg 768w, https:\/\/ilmioviaggio.me\/wp-content\/uploads\/2019\/03\/bamb-venditrr-coll-1024x768.jpg 1024w\" sizes=\"auto, (max-width: 300px) 100vw, 300px\" \/><\/a><\/p>\n<p><em>Bambino di una venditrice di collane nei pressi dell&#8217;Harishchandra ghat.<\/em><\/p>\n<p>Attraverso l&#8217;Harishchandra ghat invaso dal fumo delle pire che stanno bruciando vicino al percorso. Da una gabbia di ferro, tra la legna che brucia, si scorge ancora il volto del defunto. Pi\u00f9 su, da una tenda esce della musica, mentre in un&#8217;altra c&#8217;\u00e8 un sadhu che dorme profondamente.<\/p>\n<p><a href=\"https:\/\/ilmioviaggio.me\/wp-content\/uploads\/2019\/03\/benediz.jpg\" rel=\"attachment wp-att-4759\"><img loading=\"lazy\" decoding=\"async\" class=\"alignnone size-medium wp-image-4759\" src=\"https:\/\/ilmioviaggio.me\/wp-content\/uploads\/2019\/03\/benediz-300x225.jpg\" alt=\"benediz\" width=\"300\" height=\"225\" srcset=\"https:\/\/ilmioviaggio.me\/wp-content\/uploads\/2019\/03\/benediz-300x225.jpg 300w, https:\/\/ilmioviaggio.me\/wp-content\/uploads\/2019\/03\/benediz-768x576.jpg 768w, https:\/\/ilmioviaggio.me\/wp-content\/uploads\/2019\/03\/benediz-1024x768.jpg 1024w\" sizes=\"auto, (max-width: 300px) 100vw, 300px\" \/><\/a><\/p>\n<p><em>Benedizione tra le tende.<\/em><\/p>\n<p>Nella maggior parte delle tende o all&#8217;esterno di esse, ci sono dei gruppi di sadhu, quasi tutti nudi, seduti intorno al focolare a chiacchierare e fumare la pipa collettiva. Il fuoco \u00e8 acceso dappertutto ed \u00e8 alimentato con lo sterco delle mucche o dei bufali essicati.<\/p>\n<p><a href=\"https:\/\/ilmioviaggio.me\/wp-content\/uploads\/2019\/03\/foco-di-sterco-tenda.jpg\" rel=\"attachment wp-att-4756\"><img loading=\"lazy\" decoding=\"async\" class=\"alignnone size-medium wp-image-4756\" src=\"https:\/\/ilmioviaggio.me\/wp-content\/uploads\/2019\/03\/foco-di-sterco-tenda-300x225.jpg\" alt=\"foco di sterco tenda\" width=\"300\" height=\"225\" srcset=\"https:\/\/ilmioviaggio.me\/wp-content\/uploads\/2019\/03\/foco-di-sterco-tenda-300x225.jpg 300w, https:\/\/ilmioviaggio.me\/wp-content\/uploads\/2019\/03\/foco-di-sterco-tenda-768x576.jpg 768w, https:\/\/ilmioviaggio.me\/wp-content\/uploads\/2019\/03\/foco-di-sterco-tenda-1024x768.jpg 1024w\" sizes=\"auto, (max-width: 300px) 100vw, 300px\" \/><\/a><\/p>\n<p><em>Gruppi riuniti ntorno allo sterco che brucia.<\/em><\/p>\n<p>La temperatura \u00e8 mite al sole, pi\u00f9 fresca all&#8217;ombra e ancora fredda durante la notte. Il grande caldo non \u00e8 ancora scoppiato ed \u00e8 in ritardo rispetto agli altri anni. Poco prima del Chousati ghat incontro un indiano con un giubbino nero addosso. Mi chiede qualcosa, ma lo capisco soltanto quando mi siedo sulla gradinata e, lui, insieme ad un gruppo di altri uomini mi chiede di fare delle foto insieme. Sono di Nashik, nel Maharashtra, e quando mi salutano uno di loro mi tocca i piedi, cosa che mi succede ormai, quasi tutti i giorni!<\/p>\n<p><a href=\"https:\/\/ilmioviaggio.me\/wp-content\/uploads\/2019\/03\/Baba-rip.jpg\" rel=\"attachment wp-att-4757\"><img loading=\"lazy\" decoding=\"async\" class=\"alignnone size-medium wp-image-4757\" src=\"https:\/\/ilmioviaggio.me\/wp-content\/uploads\/2019\/03\/Baba-rip-300x225.jpg\" alt=\"Baba rip\" width=\"300\" height=\"225\" srcset=\"https:\/\/ilmioviaggio.me\/wp-content\/uploads\/2019\/03\/Baba-rip-300x225.jpg 300w, https:\/\/ilmioviaggio.me\/wp-content\/uploads\/2019\/03\/Baba-rip-768x576.jpg 768w, https:\/\/ilmioviaggio.me\/wp-content\/uploads\/2019\/03\/Baba-rip-1024x768.jpg 1024w\" sizes=\"auto, (max-width: 300px) 100vw, 300px\" \/><\/a><\/p>\n<p><em>Sadhu che dorme, in una tenda.<\/em><\/p>\n<p>All&#8217;ora del tramonto torno a Bangali Tola e nel piazzale rivedo il mio vecchio Black baba che mi risponde con qualche imprecazione quando lo saluto. Al Dashashwamedh ghat c&#8217;\u00e8 anche stasera una marea di gente che sta aspettando lo spettacolo serale. Torno al Chousati ghat: qui c&#8217;\u00e8 l&#8217;indiano con il grosso gallo che avevo gi\u00e0 incontrato qualche sera fa. Lo sta allenando per il combattimento fra galli.<\/p>\n<p><a href=\"https:\/\/ilmioviaggio.me\/wp-content\/uploads\/2019\/03\/Il-gallo-Kalu-e-il-suo-padrone..jpg\" rel=\"attachment wp-att-4763\"><img loading=\"lazy\" decoding=\"async\" class=\"alignnone size-medium wp-image-4763\" src=\"https:\/\/ilmioviaggio.me\/wp-content\/uploads\/2019\/03\/Il-gallo-Kalu-e-il-suo-padrone.-300x225.jpg\" alt=\"Il gallo Kalu e il suo padrone.\" width=\"300\" height=\"225\" srcset=\"https:\/\/ilmioviaggio.me\/wp-content\/uploads\/2019\/03\/Il-gallo-Kalu-e-il-suo-padrone.-300x225.jpg 300w, https:\/\/ilmioviaggio.me\/wp-content\/uploads\/2019\/03\/Il-gallo-Kalu-e-il-suo-padrone.-768x576.jpg 768w, https:\/\/ilmioviaggio.me\/wp-content\/uploads\/2019\/03\/Il-gallo-Kalu-e-il-suo-padrone.-1024x768.jpg 1024w\" sizes=\"auto, (max-width: 300px) 100vw, 300px\" \/><\/a><\/p>\n<p><em>L&#8217;addestramento del gallo da combattimento al Chousati ghat.<\/em><\/p>\n<p>L&#8217;uomo, mi dice, orgoglioso, che, il gallo si chiama Kalu, mentre lo fa correre su e gi\u00f9 per le scale. Mentre sto guardando le corse di Kalu, sento parlare in italiano alle mie spalle. Sono due giovani di 31 anni, uno di Torino e l&#8217;altro di Milano. Si sono incontrati per caso qui a Varanasi e stanno trascorrendo diverso tempo insieme ora. Quello di Torino \u00e8 operatore meccanico ed ha frequentato tre anni di un Istituto professionale. Il ragazzo di Milano, invece, si \u00e8 iscritto prima alla facolt\u00e0 di agraria e poi a scienze politiche, ma dopo pochi esami ha abbandonato l&#8217;universit\u00e0. Quest&#8217;ultimo, lavorava nell&#8217;ambito della pubblicit\u00e0 e si \u00e8 appena licenziato da un posto fisso. L&#8217;altro, appena rientrer\u00e0 in Italia, riprender\u00e0 a lavorare nel gruppo motociclistico che fa capo a Valentino Rossi.<\/p>\n","protected":false},"excerpt":{"rendered":"<p>Sono riprese le puje tradizionale, quelle dedicate ai defunti e che lasciano le parenti donne in disparte. Puja per gli antenati lungo i ghat. Nella zona che va dal Manasarowar al Kedar ghat se ne stanno celebrando diverse. Sono quasi le 11:00 e si vedono alcuni gruppi di indiani ancora immersi nel fiume o appena &hellip; <a href=\"https:\/\/ilmioviaggio.me\/?p=4752\" class=\"more-link\">Continua a leggere <span class=\"screen-reader-text\">Varanasi, 5 marzo 2019<\/span><\/a><\/p>\n","protected":false},"author":2,"featured_media":0,"comment_status":"open","ping_status":"open","sticky":false,"template":"","format":"standard","meta":{"footnotes":""},"categories":[1],"tags":[],"class_list":["post-4752","post","type-post","status-publish","format-standard","hentry","category-senza-categoria"],"_links":{"self":[{"href":"https:\/\/ilmioviaggio.me\/index.php?rest_route=\/wp\/v2\/posts\/4752","targetHints":{"allow":["GET"]}}],"collection":[{"href":"https:\/\/ilmioviaggio.me\/index.php?rest_route=\/wp\/v2\/posts"}],"about":[{"href":"https:\/\/ilmioviaggio.me\/index.php?rest_route=\/wp\/v2\/types\/post"}],"author":[{"embeddable":true,"href":"https:\/\/ilmioviaggio.me\/index.php?rest_route=\/wp\/v2\/users\/2"}],"replies":[{"embeddable":true,"href":"https:\/\/ilmioviaggio.me\/index.php?rest_route=%2Fwp%2Fv2%2Fcomments&post=4752"}],"version-history":[{"count":4,"href":"https:\/\/ilmioviaggio.me\/index.php?rest_route=\/wp\/v2\/posts\/4752\/revisions"}],"predecessor-version":[{"id":5690,"href":"https:\/\/ilmioviaggio.me\/index.php?rest_route=\/wp\/v2\/posts\/4752\/revisions\/5690"}],"wp:attachment":[{"href":"https:\/\/ilmioviaggio.me\/index.php?rest_route=%2Fwp%2Fv2%2Fmedia&parent=4752"}],"wp:term":[{"taxonomy":"category","embeddable":true,"href":"https:\/\/ilmioviaggio.me\/index.php?rest_route=%2Fwp%2Fv2%2Fcategories&post=4752"},{"taxonomy":"post_tag","embeddable":true,"href":"https:\/\/ilmioviaggio.me\/index.php?rest_route=%2Fwp%2Fv2%2Ftags&post=4752"}],"curies":[{"name":"wp","href":"https:\/\/api.w.org\/{rel}","templated":true}]}}