{"id":5220,"date":"2019-04-04T06:40:58","date_gmt":"2019-04-04T06:40:58","guid":{"rendered":"https:\/\/ilmioviaggio.me\/?p=5220"},"modified":"2019-05-25T16:07:22","modified_gmt":"2019-05-25T16:07:22","slug":"istanbul-turchia-3-aprile-2019","status":"publish","type":"post","link":"https:\/\/ilmioviaggio.me\/?p=5220","title":{"rendered":"Istanbul (Turchia), 3 aprile 2019"},"content":{"rendered":"<p>Ieri \u00e8 morto il baba dell&#8217;Assi ghat di Varanasi. Qualcuno dei suoi amici ha postato l&#8217;annuncio su Facebook con la foto di come \u00e8 stato trovato: pareva dormisse, sotto il suo albero sacro. Addio Amrit Netra: uomo di grande cultura e coraggio.<\/p>\n<p><a href=\"https:\/\/ilmioviaggio.me\/wp-content\/uploads\/2019\/04\/Baba-Amrit-Netra-Assi-Ghat-3-aprile-19.jpg\" rel=\"attachment wp-att-5941\"><img loading=\"lazy\" decoding=\"async\" class=\"alignnone size-medium wp-image-5941\" src=\"https:\/\/ilmioviaggio.me\/wp-content\/uploads\/2019\/04\/Baba-Amrit-Netra-Assi-Ghat-3-aprile-19-300x169.jpg\" alt=\"Baba Amrit Netra Assi Ghat 3 aprile 19\" width=\"300\" height=\"169\" srcset=\"https:\/\/ilmioviaggio.me\/wp-content\/uploads\/2019\/04\/Baba-Amrit-Netra-Assi-Ghat-3-aprile-19-300x169.jpg 300w, https:\/\/ilmioviaggio.me\/wp-content\/uploads\/2019\/04\/Baba-Amrit-Netra-Assi-Ghat-3-aprile-19.jpg 712w\" sizes=\"auto, (max-width: 300px) 100vw, 300px\" \/><\/a><\/p>\n<p><em>Il baba Amrit Netra, morto nel sonno, sotto l&#8217; albero sacro dell&#8217;Assi ghat, in cui viveva.<\/em><\/p>\n<p>Con la tristezza nel cuore pensando a quel grande personaggio di asceta, conosciuto meno di un mese fa, a Varanasi, inizio la mia giornata di Istanbul. Camminando lungo la costa del Mar di Marmara incontro le rovine del Bucoleon Palace, quello che resta di una costruzione iniziata tra il 408 e il 450 a.D., sotto l\u2019impero di Theodosius II, e ampliata nell\u2019era di Teofilus, tra l\u2019829 e l\u2019842, a. D. Le parti ancora visibili appartengono probabilmente a quest\u2019ultimo periodo.<\/p>\n<p><a href=\"https:\/\/ilmioviaggio.me\/wp-content\/uploads\/2019\/04\/Le-rovine-del-Bucoleon-Palace829-842-a.-D..jpg\" rel=\"attachment wp-att-5223\"><img loading=\"lazy\" decoding=\"async\" class=\"alignnone size-medium wp-image-5223\" src=\"https:\/\/ilmioviaggio.me\/wp-content\/uploads\/2019\/04\/Le-rovine-del-Bucoleon-Palace829-842-a.-D.-300x225.jpg\" alt=\"Le rovine del Bucoleon Palace,829-842, a. D.\" width=\"300\" height=\"225\" srcset=\"https:\/\/ilmioviaggio.me\/wp-content\/uploads\/2019\/04\/Le-rovine-del-Bucoleon-Palace829-842-a.-D.-300x225.jpg 300w, https:\/\/ilmioviaggio.me\/wp-content\/uploads\/2019\/04\/Le-rovine-del-Bucoleon-Palace829-842-a.-D.-768x576.jpg 768w, https:\/\/ilmioviaggio.me\/wp-content\/uploads\/2019\/04\/Le-rovine-del-Bucoleon-Palace829-842-a.-D.-1024x768.jpg 1024w\" sizes=\"auto, (max-width: 300px) 100vw, 300px\" \/><\/a><\/p>\n<p><em>Le rovine del Bucoleon Palace.<\/em><\/p>\n<p>Cammino ancora per un lungo tratto per raggiungere la stazione ferroviaria di Sirkeci da dove parte ogni sera il treno per Sofia, in Bulgaria. Quando arrivo l\u00e0, mi accorgo che avrei potuto accorciare di molto la distanza, tagliando in verticale il percorso, ma me ne sono resa conto soltanto dopo.<\/p>\n<figure id=\"attachment_5236\" aria-describedby=\"caption-attachment-5236\" style=\"width: 300px\" class=\"wp-caption alignnone\"><a href=\"https:\/\/ilmioviaggio.me\/wp-content\/uploads\/2019\/04\/La-stazione-dei-treni-di-SirKeci.jpg\" rel=\"attachment wp-att-5236\"><img loading=\"lazy\" decoding=\"async\" class=\"size-medium wp-image-5236\" src=\"https:\/\/ilmioviaggio.me\/wp-content\/uploads\/2019\/04\/La-stazione-dei-treni-di-SirKeci-300x225.jpg\" alt=\"Hisilicon Balong\" width=\"300\" height=\"225\" srcset=\"https:\/\/ilmioviaggio.me\/wp-content\/uploads\/2019\/04\/La-stazione-dei-treni-di-SirKeci-300x225.jpg 300w, https:\/\/ilmioviaggio.me\/wp-content\/uploads\/2019\/04\/La-stazione-dei-treni-di-SirKeci-768x576.jpg 768w, https:\/\/ilmioviaggio.me\/wp-content\/uploads\/2019\/04\/La-stazione-dei-treni-di-SirKeci-1024x768.jpg 1024w\" sizes=\"auto, (max-width: 300px) 100vw, 300px\" \/><\/a><figcaption id=\"caption-attachment-5236\" class=\"wp-caption-text\"><em>La stazione ferroviaria di Sirkeci.<\/em><\/figcaption><\/figure>\n<p>La stazione, difatti, si trova nei pressi del ponte di Galata, uno dei posti da me preferiti, qui ad Istanbul. Sono venuta qui, a Sinkeci o Sirkeci, per acquistare il biglietto per Sofia e partir\u00f2 sabato notte, alle 22.40, da Alkali, un\u2019altra stazione, collegata a Sirkeci con una navetta. L\u2019arrivo a Sofia \u00e8 previsto per il giorno dopo, verso le 9:30 di mattina. La stazione di Sirkeci \u00e8 molto vecchia ed elegante: mi ricorda un po&#8217; quella di Gemona, negli anni &#8217;50. Qui, le vetrate sono colorate e le panchine sono in legno scuro e circolari.<\/p>\n<p><a href=\"https:\/\/ilmioviaggio.me\/wp-content\/uploads\/2019\/04\/La-stazione-ferroviaria-di-Sirkeci.jpg\" rel=\"attachment wp-att-5237\"><img loading=\"lazy\" decoding=\"async\" class=\"alignnone size-medium wp-image-5237\" src=\"https:\/\/ilmioviaggio.me\/wp-content\/uploads\/2019\/04\/La-stazione-ferroviaria-di-Sirkeci-300x225.jpg\" alt=\"La stazione ferroviaria di Sirkeci\" width=\"300\" height=\"225\" srcset=\"https:\/\/ilmioviaggio.me\/wp-content\/uploads\/2019\/04\/La-stazione-ferroviaria-di-Sirkeci-300x225.jpg 300w, https:\/\/ilmioviaggio.me\/wp-content\/uploads\/2019\/04\/La-stazione-ferroviaria-di-Sirkeci-768x576.jpg 768w, https:\/\/ilmioviaggio.me\/wp-content\/uploads\/2019\/04\/La-stazione-ferroviaria-di-Sirkeci-1024x768.jpg 1024w\" sizes=\"auto, (max-width: 300px) 100vw, 300px\" \/><\/a><\/p>\n<p><em>La stazione di Sirkeci con le panchine rotonde.<\/em><\/p>\n<p>Ci sono diversi tavolini, piccoli e squadrati, per il the, in pi\u00f9 parti del salone, tutti con una tovaglietta appoggiata sopra e delle persone sedute intorno. Da Sirkeci o da Alkali, mi racconta il ragazzo della reception, partiva l\u2019Orient Express fino ad una quindicina di anni fa. Era il treno che collegava Istanbul con l\u2019Europa e arrivava fino a Parigi passando per Venezia o Trieste.<\/p>\n<p><a href=\"https:\/\/ilmioviaggio.me\/wp-content\/uploads\/2019\/04\/piante-merc.jpg\" rel=\"attachment wp-att-5226\"><img loading=\"lazy\" decoding=\"async\" class=\"alignnone size-medium wp-image-5226\" src=\"https:\/\/ilmioviaggio.me\/wp-content\/uploads\/2019\/04\/piante-merc-300x225.jpg\" alt=\"piante merc\" width=\"300\" height=\"225\" srcset=\"https:\/\/ilmioviaggio.me\/wp-content\/uploads\/2019\/04\/piante-merc-300x225.jpg 300w, https:\/\/ilmioviaggio.me\/wp-content\/uploads\/2019\/04\/piante-merc-768x576.jpg 768w, https:\/\/ilmioviaggio.me\/wp-content\/uploads\/2019\/04\/piante-merc-1024x768.jpg 1024w\" sizes=\"auto, (max-width: 300px) 100vw, 300px\" \/><\/a><\/p>\n<p><em>Istanbul, mercato delle piante e delle sementi di Eminonu.<\/em><\/p>\n<p>Accanto alla stazione ferroviaria c\u2019\u00e8 un vasto mercato di piante da giardino e da orto e anche diversi tipi di sementi sfuse e confezionate. Ci sono, pure, dei negozi che vendono cibo per gli animali. L\u00ec accanto c\u2019\u00e8 anche la &#8220;Moschea Nuova&#8221; di Eminonu, grande e imponente.<\/p>\n<p><a href=\"https:\/\/ilmioviaggio.me\/wp-content\/uploads\/2019\/04\/in-moschea.jpg\" rel=\"attachment wp-att-5240\"><img loading=\"lazy\" decoding=\"async\" class=\"alignnone size-medium wp-image-5240\" src=\"https:\/\/ilmioviaggio.me\/wp-content\/uploads\/2019\/04\/in-moschea-300x225.jpg\" alt=\"in moschea\" width=\"300\" height=\"225\" srcset=\"https:\/\/ilmioviaggio.me\/wp-content\/uploads\/2019\/04\/in-moschea-300x225.jpg 300w, https:\/\/ilmioviaggio.me\/wp-content\/uploads\/2019\/04\/in-moschea-768x576.jpg 768w, https:\/\/ilmioviaggio.me\/wp-content\/uploads\/2019\/04\/in-moschea-1024x768.jpg 1024w\" sizes=\"auto, (max-width: 300px) 100vw, 300px\" \/><\/a><\/p>\n<p><em>Preghiera delle donne nella Moschea Nuova di Eminonu.<\/em><\/p>\n<p>L\u2019avevo gi\u00e0 ammirata in lontananza, perch\u00e8 emerge da tutta questa zona ed anche dal di l\u00e0 del ponte di Galata. Oggi entro a visitarla: sull&#8217;entrata c\u2019\u00e8 un guardiano che controlla i visitatori. Il regolamento della moschea prevede che ci si tolga le scarpe prima di appoggiare i piedi sul tappeto e io vengo subito richiamata. All\u2019interno c\u2019\u00e8 parecchia gente, sia uomini che donne assorti nelle loro preghiere. Le parti riservate alle donne, qui, sono due, separate dal grande salone degli uomini con delle grate in legno. La moschea \u00e8 sostenuta da delle grandi colonne in pietra di forma circolare e da diverse altre a forma di parallelepipedo e rivestite di piastrelle blu.<\/p>\n<p><a href=\"https:\/\/ilmioviaggio.me\/wp-content\/uploads\/2019\/04\/Staz-bus.jpg\" rel=\"attachment wp-att-5234\"><img loading=\"lazy\" decoding=\"async\" class=\"alignnone size-medium wp-image-5234\" src=\"https:\/\/ilmioviaggio.me\/wp-content\/uploads\/2019\/04\/Staz-bus-300x225.jpg\" alt=\"Staz bus\" width=\"300\" height=\"225\" srcset=\"https:\/\/ilmioviaggio.me\/wp-content\/uploads\/2019\/04\/Staz-bus-300x225.jpg 300w, https:\/\/ilmioviaggio.me\/wp-content\/uploads\/2019\/04\/Staz-bus-768x576.jpg 768w, https:\/\/ilmioviaggio.me\/wp-content\/uploads\/2019\/04\/Staz-bus-1024x768.jpg 1024w\" sizes=\"auto, (max-width: 300px) 100vw, 300px\" \/><\/a><\/p>\n<p><em>Eminonu, la Stazione degli autobus che sta accanto al ponte di Galata.<\/em><\/p>\n<p>Sono circa le 15:00 e oggi pranzo nel piazzale del ponte di Galata dove ci sono i ristoranti affollati ed economici. Verso l&#8217;ora del tramonto, torno verso l\u2019ostello attraverso il bazar che ha una delle entrate proprio qui, nella piazza di Eminonu.<\/p>\n<p><a href=\"https:\/\/ilmioviaggio.me\/wp-content\/uploads\/2019\/04\/ristor-Gall-ok.jpg\" rel=\"attachment wp-att-5232\"><img loading=\"lazy\" decoding=\"async\" class=\"alignnone size-medium wp-image-5232\" src=\"https:\/\/ilmioviaggio.me\/wp-content\/uploads\/2019\/04\/ristor-Gall-ok-300x225.jpg\" alt=\"ristor Gall ok\" width=\"300\" height=\"225\" srcset=\"https:\/\/ilmioviaggio.me\/wp-content\/uploads\/2019\/04\/ristor-Gall-ok-300x225.jpg 300w, https:\/\/ilmioviaggio.me\/wp-content\/uploads\/2019\/04\/ristor-Gall-ok-768x576.jpg 768w, https:\/\/ilmioviaggio.me\/wp-content\/uploads\/2019\/04\/ristor-Gall-ok-1024x768.jpg 1024w\" sizes=\"auto, (max-width: 300px) 100vw, 300px\" \/><\/a><\/p>\n<p><em>Ristoranti nella zona del ponte di Galata.<\/em><\/p>\n<p>Arrivo con facilit\u00e0 a Sultahnamet dove le due grandi moschee, quella Blu e Santa Sofia, sono avvolte dalla luce rossastra del tramonto.<\/p>\n<p><a href=\"https:\/\/ilmioviaggio.me\/wp-content\/uploads\/2019\/04\/Santa-Sofia.jpg\" rel=\"attachment wp-att-5233\"><img loading=\"lazy\" decoding=\"async\" class=\"alignnone size-medium wp-image-5233\" src=\"https:\/\/ilmioviaggio.me\/wp-content\/uploads\/2019\/04\/Santa-Sofia-300x225.jpg\" alt=\"Santa Sofia\" width=\"300\" height=\"225\" srcset=\"https:\/\/ilmioviaggio.me\/wp-content\/uploads\/2019\/04\/Santa-Sofia-300x225.jpg 300w, https:\/\/ilmioviaggio.me\/wp-content\/uploads\/2019\/04\/Santa-Sofia-768x576.jpg 768w, https:\/\/ilmioviaggio.me\/wp-content\/uploads\/2019\/04\/Santa-Sofia-1024x768.jpg 1024w\" sizes=\"auto, (max-width: 300px) 100vw, 300px\" \/><\/a><\/p>\n<p><em>Santa Sofia al tramonto.<\/em><\/p>\n<p>I raggi del sole che filtrano, obliqui ormai, attraverso gli alberi spogli accentuano ancora di pi\u00f9 il colore rosa dell&#8217;antica chiesa che assume un aspetto surreale, quasi fiabesco, a quest&#8217;ora.<\/p>\n<p><a href=\"https:\/\/ilmioviaggio.me\/wp-content\/uploads\/2019\/04\/la-piazza-di-Sultanahmet.jpg\" rel=\"attachment wp-att-5235\"><img loading=\"lazy\" decoding=\"async\" class=\"alignnone size-medium wp-image-5235\" src=\"https:\/\/ilmioviaggio.me\/wp-content\/uploads\/2019\/04\/la-piazza-di-Sultanahmet-300x225.jpg\" alt=\"la piazza di Sultanahmet\" width=\"300\" height=\"225\" srcset=\"https:\/\/ilmioviaggio.me\/wp-content\/uploads\/2019\/04\/la-piazza-di-Sultanahmet-300x225.jpg 300w, https:\/\/ilmioviaggio.me\/wp-content\/uploads\/2019\/04\/la-piazza-di-Sultanahmet-768x576.jpg 768w, https:\/\/ilmioviaggio.me\/wp-content\/uploads\/2019\/04\/la-piazza-di-Sultanahmet-1024x768.jpg 1024w\" sizes=\"auto, (max-width: 300px) 100vw, 300px\" \/><\/a><\/p>\n","protected":false},"excerpt":{"rendered":"<p>Ieri \u00e8 morto il baba dell&#8217;Assi ghat di Varanasi. Qualcuno dei suoi amici ha postato l&#8217;annuncio su Facebook con la foto di come \u00e8 stato trovato: pareva dormisse, sotto il suo albero sacro. Addio Amrit Netra: uomo di grande cultura e coraggio. Il baba Amrit Netra, morto nel sonno, sotto l&#8217; albero sacro dell&#8217;Assi ghat, &hellip; <a href=\"https:\/\/ilmioviaggio.me\/?p=5220\" class=\"more-link\">Continua a leggere <span class=\"screen-reader-text\">Istanbul (Turchia), 3 aprile 2019<\/span><\/a><\/p>\n","protected":false},"author":2,"featured_media":5225,"comment_status":"open","ping_status":"open","sticky":false,"template":"","format":"standard","meta":{"footnotes":""},"categories":[1],"tags":[],"class_list":["post-5220","post","type-post","status-publish","format-standard","has-post-thumbnail","hentry","category-senza-categoria"],"_links":{"self":[{"href":"https:\/\/ilmioviaggio.me\/index.php?rest_route=\/wp\/v2\/posts\/5220","targetHints":{"allow":["GET"]}}],"collection":[{"href":"https:\/\/ilmioviaggio.me\/index.php?rest_route=\/wp\/v2\/posts"}],"about":[{"href":"https:\/\/ilmioviaggio.me\/index.php?rest_route=\/wp\/v2\/types\/post"}],"author":[{"embeddable":true,"href":"https:\/\/ilmioviaggio.me\/index.php?rest_route=\/wp\/v2\/users\/2"}],"replies":[{"embeddable":true,"href":"https:\/\/ilmioviaggio.me\/index.php?rest_route=%2Fwp%2Fv2%2Fcomments&post=5220"}],"version-history":[{"count":11,"href":"https:\/\/ilmioviaggio.me\/index.php?rest_route=\/wp\/v2\/posts\/5220\/revisions"}],"predecessor-version":[{"id":5969,"href":"https:\/\/ilmioviaggio.me\/index.php?rest_route=\/wp\/v2\/posts\/5220\/revisions\/5969"}],"wp:featuredmedia":[{"embeddable":true,"href":"https:\/\/ilmioviaggio.me\/index.php?rest_route=\/wp\/v2\/media\/5225"}],"wp:attachment":[{"href":"https:\/\/ilmioviaggio.me\/index.php?rest_route=%2Fwp%2Fv2%2Fmedia&parent=5220"}],"wp:term":[{"taxonomy":"category","embeddable":true,"href":"https:\/\/ilmioviaggio.me\/index.php?rest_route=%2Fwp%2Fv2%2Fcategories&post=5220"},{"taxonomy":"post_tag","embeddable":true,"href":"https:\/\/ilmioviaggio.me\/index.php?rest_route=%2Fwp%2Fv2%2Ftags&post=5220"}],"curies":[{"name":"wp","href":"https:\/\/api.w.org\/{rel}","templated":true}]}}