{"id":5246,"date":"2019-04-04T19:51:38","date_gmt":"2019-04-04T19:51:38","guid":{"rendered":"https:\/\/ilmioviaggio.me\/?p=5246"},"modified":"2019-05-25T16:06:31","modified_gmt":"2019-05-25T16:06:31","slug":"istanbul-turchia-4-aprile-2019","status":"publish","type":"post","link":"https:\/\/ilmioviaggio.me\/?p=5246","title":{"rendered":"Istanbul (Turchia), 4 aprile 2019"},"content":{"rendered":"<p align=\"LEFT\"><a href=\"https:\/\/ilmioviaggio.me\/wp-content\/uploads\/2019\/04\/santa-ssof.jpg\" rel=\"attachment wp-att-5285\"><img loading=\"lazy\" decoding=\"async\" class=\"alignnone size-medium wp-image-5285\" src=\"https:\/\/ilmioviaggio.me\/wp-content\/uploads\/2019\/04\/santa-ssof-300x225.jpg\" alt=\"santa ssof\" width=\"300\" height=\"225\" srcset=\"https:\/\/ilmioviaggio.me\/wp-content\/uploads\/2019\/04\/santa-ssof-300x225.jpg 300w, https:\/\/ilmioviaggio.me\/wp-content\/uploads\/2019\/04\/santa-ssof-768x576.jpg 768w, https:\/\/ilmioviaggio.me\/wp-content\/uploads\/2019\/04\/santa-ssof-1024x768.jpg 1024w\" sizes=\"auto, (max-width: 300px) 100vw, 300px\" \/><\/a><\/p>\n<p align=\"LEFT\"><em>Santa Sofia, 4 aprile 2019. La fila per entrare.<\/em><\/p>\n<p align=\"LEFT\">Salgo lungo la riva che porta alla piazza di Sultanahmet, dove stanno la Moschea Blu e Santa Sofia, l&#8217;antica chiesa divenuta moschea dopo la caduta di Costantinopoli e ora adibita a museo.<\/p>\n<p align=\"LEFT\"><a href=\"https:\/\/ilmioviaggio.me\/wp-content\/uploads\/2019\/04\/ss-entrata.jpg\" rel=\"attachment wp-att-5270\"><img loading=\"lazy\" decoding=\"async\" class=\"alignnone size-medium wp-image-5270\" src=\"https:\/\/ilmioviaggio.me\/wp-content\/uploads\/2019\/04\/ss-entrata-225x300.jpg\" alt=\"ss entrata\" width=\"225\" height=\"300\" srcset=\"https:\/\/ilmioviaggio.me\/wp-content\/uploads\/2019\/04\/ss-entrata-225x300.jpg 225w, https:\/\/ilmioviaggio.me\/wp-content\/uploads\/2019\/04\/ss-entrata-768x1024.jpg 768w\" sizes=\"auto, (max-width: 225px) 100vw, 225px\" \/><\/a><\/p>\n<p align=\"LEFT\"><em>Istanbul, Santa Sofia, 4 aprile 2019. Il portale.<\/em><\/p>\n<p align=\"LEFT\">Santa Sofia, l&#8217;ho gi\u00e0 visitata, parecchi anni fa, ma credo che di allora mi sia rimasta soltanto la piacevole sensazione di aver ammirato una costruzione stupenda. Allora, l&#8217;ingresso costava molto poco: ora il biglietto costa 60 lire turche, pari a 10,00 euro. Le file per entrare sono lunghissime anche oggi, come tutti i giorni.<\/p>\n<p align=\"LEFT\"><a href=\"https:\/\/ilmioviaggio.me\/wp-content\/uploads\/2019\/04\/porta-bronzo-de-II-secolo-BC.-trasportata.jpg\" rel=\"attachment wp-att-5265\"><img loading=\"lazy\" decoding=\"async\" class=\"alignnone size-medium wp-image-5265\" src=\"https:\/\/ilmioviaggio.me\/wp-content\/uploads\/2019\/04\/porta-bronzo-de-II-secolo-BC.-trasportata-225x300.jpg\" alt=\"porta bronzo de II secolo B,C. trasportata\" width=\"225\" height=\"300\" srcset=\"https:\/\/ilmioviaggio.me\/wp-content\/uploads\/2019\/04\/porta-bronzo-de-II-secolo-BC.-trasportata-225x300.jpg 225w, https:\/\/ilmioviaggio.me\/wp-content\/uploads\/2019\/04\/porta-bronzo-de-II-secolo-BC.-trasportata-768x1024.jpg 768w\" sizes=\"auto, (max-width: 225px) 100vw, 225px\" \/><\/a><\/p>\n<p align=\"LEFT\"><em>Porta in bronzo del II secolo A. C., trasportata a Santa Sofia nel IX secolo.<\/em><\/p>\n<p align=\"LEFT\">Gruppi di visitatori dall&#8217;Indonesia, dalla Cina, dall&#8217;Iran, dal Messico, dalla Francia, dalla Germania, dall&#8217;Italia e da ogni parte del mondo, seguono l&#8217;ombrello colorato o le bandierine che le guide tengono sollevati per rassicurarli. La maggior parte dei visitatori viaggia con dei gruppi organizzati, ma c&#8217;\u00e8 anche qualcuno che viaggia da solo: questi, sono per lo pi\u00f9 giovani. Tra questi solitari, ci sono i tre ragazzi che dormono in camera con me. Uno di loro \u00e8 di Pechino, ha 26 anni ed \u00e8 laureato in lingua tedesca. Attualmente lavora per la Wolkswagen. Un altro \u00e8 brasiliano, ha 31 anni e fa il promotore pubblicitario per personaggi famosi. L&#8217;ultimo dei tre, \u00e8 messicano, di Citt\u00e0 del Messico. Tutti questi ragazzi hanno visitato la Cappadocia prima di arrivare a Istanbul, anche se l\u00e0 faceva freddo e\u00a0 spesso nevicava intensamente. Per fortuna, a Istanbul, in questi giorni splende il sole, anche se la temperatura, in particolare dopo il tramonto, si raffredda rapidamente.<\/p>\n<p align=\"LEFT\"><a href=\"https:\/\/ilmioviaggio.me\/wp-content\/uploads\/2019\/04\/Sannnta-s-Loggiato.jpg\" rel=\"attachment wp-att-5274\"><img loading=\"lazy\" decoding=\"async\" class=\"alignnone size-medium wp-image-5274\" src=\"https:\/\/ilmioviaggio.me\/wp-content\/uploads\/2019\/04\/Sannnta-s-Loggiato-300x225.jpg\" alt=\"Sannnta s Loggiato\" width=\"300\" height=\"225\" srcset=\"https:\/\/ilmioviaggio.me\/wp-content\/uploads\/2019\/04\/Sannnta-s-Loggiato-300x225.jpg 300w, https:\/\/ilmioviaggio.me\/wp-content\/uploads\/2019\/04\/Sannnta-s-Loggiato-768x576.jpg 768w, https:\/\/ilmioviaggio.me\/wp-content\/uploads\/2019\/04\/Sannnta-s-Loggiato-1024x768.jpg 1024w\" sizes=\"auto, (max-width: 300px) 100vw, 300px\" \/><\/a><\/p>\n<p align=\"LEFT\"><em>Santa Sofia, interno.<\/em><\/p>\n<p align=\"LEFT\">Oggi, a Santa Sofia ci sono numerose scolaresche in visita d&#8217;istruzione. Bambini e bambine delle scuole primarie, con lo zainetto colorato sulle spalle, seguono le loro insegnanti con il velo sul capo, attraverso un percorso privilegiato per loro.<\/p>\n<p align=\"LEFT\"><a href=\"https:\/\/ilmioviaggio.me\/wp-content\/uploads\/2019\/04\/salita-1-p.jpg\" rel=\"attachment wp-att-5273\"><img loading=\"lazy\" decoding=\"async\" class=\"alignnone size-medium wp-image-5273\" src=\"https:\/\/ilmioviaggio.me\/wp-content\/uploads\/2019\/04\/salita-1-p-225x300.jpg\" alt=\"salita 1 p\" width=\"225\" height=\"300\" srcset=\"https:\/\/ilmioviaggio.me\/wp-content\/uploads\/2019\/04\/salita-1-p-225x300.jpg 225w, https:\/\/ilmioviaggio.me\/wp-content\/uploads\/2019\/04\/salita-1-p-768x1024.jpg 768w\" sizes=\"auto, (max-width: 225px) 100vw, 225px\" \/><\/a><\/p>\n<p align=\"LEFT\"><em>Santa Sofia, la salita al primo piano.<\/em><\/p>\n<p align=\"LEFT\">Dal portale dell&#8217;edificio si sale in una specie di tunnel di mattoni e con il pavimento in pietra grezza.. Al primo piano, alzando lo sguardo, si vedono diverse cupole e semi-cupole sostenute da file di colonne tonde che formano delle logge. Qui, il pavimento \u00e8 in marmo bianco. Su un lato dell&#8217;edificio, il soffitto \u00e8 a volta con riportati dei disegni di figure quadrate ruotate. Anche la parte inferiore della parete qui \u00e8 in marmo.<\/p>\n<p align=\"LEFT\"><a href=\"https:\/\/ilmioviaggio.me\/wp-content\/uploads\/2019\/04\/pan-verso-pt.jpg\" rel=\"attachment wp-att-5262\"><img loading=\"lazy\" decoding=\"async\" class=\"alignnone size-medium wp-image-5262\" src=\"https:\/\/ilmioviaggio.me\/wp-content\/uploads\/2019\/04\/pan-verso-pt-225x300.jpg\" alt=\"pan verso pt\" width=\"225\" height=\"300\" srcset=\"https:\/\/ilmioviaggio.me\/wp-content\/uploads\/2019\/04\/pan-verso-pt-225x300.jpg 225w, https:\/\/ilmioviaggio.me\/wp-content\/uploads\/2019\/04\/pan-verso-pt-768x1024.jpg 768w\" sizes=\"auto, (max-width: 225px) 100vw, 225px\" \/><\/a><\/p>\n<p align=\"LEFT\">Santa Sofia, vista dal primo piano.<\/p>\n<p align=\"LEFT\">Sul perimetro esterno si aprono dei finestroni con la parte alta a forma di arco e i vetri racchiusi in tanti piccoli telai quadrati. Il porticato e le logge sono collegati tra loro attraverso delle aperture sostenute da delle colonne con sopra degli archi. La grande cupola, che si apre nella parte centrale dell&#8217;edificio, \u00e8 incantevole! E&#8217; contornata da finestrelle che si aprono intorno alla sua circonferenza e alle semi-cupole sottostanti, che gradualmente diventano pi\u00f9 piccole, fino a trasformarsi in finestre soltanto, dai vetri colorati.<\/p>\n<p align=\"LEFT\"><a href=\"https:\/\/ilmioviaggio.me\/wp-content\/uploads\/2019\/04\/scolare.jpg\" rel=\"attachment wp-att-5281\"><img loading=\"lazy\" decoding=\"async\" class=\"alignnone size-medium wp-image-5281\" src=\"https:\/\/ilmioviaggio.me\/wp-content\/uploads\/2019\/04\/scolare-225x300.jpg\" alt=\"scolare\" width=\"225\" height=\"300\" srcset=\"https:\/\/ilmioviaggio.me\/wp-content\/uploads\/2019\/04\/scolare-225x300.jpg 225w, https:\/\/ilmioviaggio.me\/wp-content\/uploads\/2019\/04\/scolare-768x1024.jpg 768w\" sizes=\"auto, (max-width: 225px) 100vw, 225px\" \/><\/a><\/p>\n<p align=\"LEFT\"><em>Santa Sofia, 4 aprile 2019. Scolaresche n visita.<\/em><\/p>\n<p align=\"LEFT\">In diverse zone dell&#8217;edificio sono presenti delle impalcature e in altre, delle parti coperte da teli per dei lavori di restauro. Il porticato con la loggia, ad un certo punto, curva verso destra e prosegue con dei colonnati e dei soffitti a volta con dei disegni colorati di blu e azzurro su uno sfondo giallo. In fondo a quest&#8217;ultima loggia spiccano i mosaici bizantini della Madonna con il bambino in braccio, risalente al XII secolo e quello di Cristo sul trono, appartenente all&#8217;XI secolo. Prima di questi, c&#8217;\u00e8 un altro bellissimo mosaico, molto danneggiato, del XIII secolo, che rappresenta il Cristo in mezzo a San Giovanni Battista e alla Madonna.<\/p>\n<p align=\"LEFT\"><a href=\"https:\/\/ilmioviaggio.me\/wp-content\/uploads\/2019\/04\/madonna-con-b-1.jpg\" rel=\"attachment wp-att-5282\"><img loading=\"lazy\" decoding=\"async\" class=\"alignnone size-medium wp-image-5282\" src=\"https:\/\/ilmioviaggio.me\/wp-content\/uploads\/2019\/04\/madonna-con-b-1-225x300.jpg\" alt=\"madonna con b\" width=\"225\" height=\"300\" srcset=\"https:\/\/ilmioviaggio.me\/wp-content\/uploads\/2019\/04\/madonna-con-b-1-225x300.jpg 225w, https:\/\/ilmioviaggio.me\/wp-content\/uploads\/2019\/04\/madonna-con-b-1-768x1024.jpg 768w\" sizes=\"auto, (max-width: 225px) 100vw, 225px\" \/><\/a><\/p>\n<p align=\"LEFT\"><em>Santa Sofia, 4 aprile 2019. Finestre e Madonna con bambino.<\/em><\/p>\n<p align=\"LEFT\">La parte dell&#8217;edificio che sta al piano terra ha il pavimento in marmo e intorno al perimetro si aprono numerose logge, diversi colonnati e un&#8217;infinit\u00e0 di soffitti a cupola con lampadari che arrivano quasi a toccare il pavimento. La luce che filtra dalle finestre, poste ad altezze diverse, crea un&#8217;atmosfera di mistero e surreale. Sono soltanto le voci dei bambini delle numerose scolaresche che riportano, questa sensazione di sogno, ad una dimensione pi\u00f9 reale.<\/p>\n<p align=\"LEFT\"><a href=\"https:\/\/ilmioviaggio.me\/wp-content\/uploads\/2019\/04\/mosaico-XIII.jpg\" rel=\"attachment wp-att-5261\"><img loading=\"lazy\" decoding=\"async\" class=\"alignnone size-medium wp-image-5261\" src=\"https:\/\/ilmioviaggio.me\/wp-content\/uploads\/2019\/04\/mosaico-XIII-300x225.jpg\" alt=\"mosaico XIII\" width=\"300\" height=\"225\" srcset=\"https:\/\/ilmioviaggio.me\/wp-content\/uploads\/2019\/04\/mosaico-XIII-300x225.jpg 300w, https:\/\/ilmioviaggio.me\/wp-content\/uploads\/2019\/04\/mosaico-XIII-768x576.jpg 768w, https:\/\/ilmioviaggio.me\/wp-content\/uploads\/2019\/04\/mosaico-XIII-1024x768.jpg 1024w\" sizes=\"auto, (max-width: 300px) 100vw, 300px\" \/><\/a><\/p>\n<p align=\"LEFT\"><em>Mosaico del XIII secolo raffigurante il Cristo con la Madonna e Giovanni Battista.<\/em><\/p>\n<p align=\"LEFT\">E&#8217; molto strano come ricordassi soltanto il piacere provato anni fa nel visitare questo edificio, ma non ne ricordassi i minimi dettagli. E&#8217; stato come vederla per la prima volta!<\/p>\n<p align=\"LEFT\"><a href=\"https:\/\/ilmioviaggio.me\/wp-content\/uploads\/2019\/04\/loggia.jpg\" rel=\"attachment wp-att-5256\"><img loading=\"lazy\" decoding=\"async\" class=\"alignnone size-medium wp-image-5256\" src=\"https:\/\/ilmioviaggio.me\/wp-content\/uploads\/2019\/04\/loggia-225x300.jpg\" alt=\"loggia\" width=\"225\" height=\"300\" srcset=\"https:\/\/ilmioviaggio.me\/wp-content\/uploads\/2019\/04\/loggia-225x300.jpg 225w, https:\/\/ilmioviaggio.me\/wp-content\/uploads\/2019\/04\/loggia-768x1024.jpg 768w\" sizes=\"auto, (max-width: 225px) 100vw, 225px\" \/><\/a><\/p>\n<p align=\"LEFT\"><em>Santa Sofia, loggia al primo piano.<\/em><\/p>\n<p align=\"LEFT\">Esco da Santa Sofia e pecorro la grande Divanyolu Caddesi, una strada piena di ristoranti, pasticcerie, gelaterie, banche e uffici di cambio. Ritrovo la moschea &#8220;Nur-U Osmadij&#8221; del Nuruosmaniye social complex che ho visitato l&#8217;altro giorno ed entro nel grande parco che arriva fino al portale d&#8217;ingresso del Gran Bazar.<\/p>\n<p align=\"LEFT\"><a href=\"https:\/\/ilmioviaggio.me\/wp-content\/uploads\/2019\/04\/gran-bazar.jpg\" rel=\"attachment wp-att-5286\"><img loading=\"lazy\" decoding=\"async\" class=\"alignnone size-medium wp-image-5286\" src=\"https:\/\/ilmioviaggio.me\/wp-content\/uploads\/2019\/04\/gran-bazar-300x225.jpg\" alt=\"gran bazar\" width=\"300\" height=\"225\" srcset=\"https:\/\/ilmioviaggio.me\/wp-content\/uploads\/2019\/04\/gran-bazar-300x225.jpg 300w, https:\/\/ilmioviaggio.me\/wp-content\/uploads\/2019\/04\/gran-bazar-768x576.jpg 768w, https:\/\/ilmioviaggio.me\/wp-content\/uploads\/2019\/04\/gran-bazar-1024x768.jpg 1024w\" sizes=\"auto, (max-width: 300px) 100vw, 300px\" \/><\/a><\/p>\n<p align=\"LEFT\"><em>Istanbul, 4 aprile 2019. Gran bazar.<\/em><\/p>\n<p align=\"LEFT\">Da l\u00ec, assaggiando i vari dolci e la frutta secca che i negozianti offrono ai visitatori per attirarli nelle vendite, arrivo nel piazzale di Eminonu. Sono le 17 e 30 e qui c&#8217;\u00e8 ancora moltissima gente che fa acquisti o sta seduta sulle panchine a chiacchierare.<\/p>\n<p align=\"LEFT\"><a href=\"https:\/\/ilmioviaggio.me\/wp-content\/uploads\/2019\/04\/grann-baz.jpg\" rel=\"attachment wp-att-5287\"><img loading=\"lazy\" decoding=\"async\" class=\"alignnone size-medium wp-image-5287\" src=\"https:\/\/ilmioviaggio.me\/wp-content\/uploads\/2019\/04\/grann-baz-300x225.jpg\" alt=\"grann baz\" width=\"300\" height=\"225\" srcset=\"https:\/\/ilmioviaggio.me\/wp-content\/uploads\/2019\/04\/grann-baz-300x225.jpg 300w, https:\/\/ilmioviaggio.me\/wp-content\/uploads\/2019\/04\/grann-baz-768x576.jpg 768w, https:\/\/ilmioviaggio.me\/wp-content\/uploads\/2019\/04\/grann-baz-1024x768.jpg 1024w\" sizes=\"auto, (max-width: 300px) 100vw, 300px\" \/><\/a><\/p>\n<p align=\"LEFT\"><em>Gran Bazar di Istanbul.<\/em><\/p>\n<p align=\"LEFT\">Oltre ai negozi di formaggi, pesce, frutta secca, olive e ai carretti che vendono pane dolce e caldarroste c&#8217;\u00e8 un uomo che gira tra la gente con numerose bandiere della Turchia, di misure diverse, tra le braccia.<\/p>\n<figure id=\"attachment_5264\" aria-describedby=\"caption-attachment-5264\" style=\"width: 300px\" class=\"wp-caption alignnone\"><a href=\"https:\/\/ilmioviaggio.me\/wp-content\/uploads\/2019\/04\/piazza-Eminonu.jpg\" rel=\"attachment wp-att-5264\"><img loading=\"lazy\" decoding=\"async\" class=\"size-medium wp-image-5264\" src=\"https:\/\/ilmioviaggio.me\/wp-content\/uploads\/2019\/04\/piazza-Eminonu-300x225.jpg\" alt=\"Hisilicon Balong\" width=\"300\" height=\"225\" srcset=\"https:\/\/ilmioviaggio.me\/wp-content\/uploads\/2019\/04\/piazza-Eminonu-300x225.jpg 300w, https:\/\/ilmioviaggio.me\/wp-content\/uploads\/2019\/04\/piazza-Eminonu-768x576.jpg 768w, https:\/\/ilmioviaggio.me\/wp-content\/uploads\/2019\/04\/piazza-Eminonu-1024x768.jpg 1024w\" sizes=\"auto, (max-width: 300px) 100vw, 300px\" \/><\/a><figcaption id=\"caption-attachment-5264\" class=\"wp-caption-text\"><em>La piazza di Eminonu verso l&#8217;ora del tramonto.<\/em><\/figcaption><\/figure>\n<p align=\"LEFT\">Riesce a venderne qualcuna, qua e l\u00e0, alla gente che se ne sta andando via.<\/p>\n<p align=\"LEFT\"><a href=\"https:\/\/ilmioviaggio.me\/wp-content\/uploads\/2019\/04\/mercato-piazza-Eminonu.jpg\" rel=\"attachment wp-att-5277\"><img loading=\"lazy\" decoding=\"async\" class=\"alignnone size-medium wp-image-5277\" src=\"https:\/\/ilmioviaggio.me\/wp-content\/uploads\/2019\/04\/mercato-piazza-Eminonu-300x225.jpg\" alt=\"mercato piazza Eminonu\" width=\"300\" height=\"225\" srcset=\"https:\/\/ilmioviaggio.me\/wp-content\/uploads\/2019\/04\/mercato-piazza-Eminonu-300x225.jpg 300w, https:\/\/ilmioviaggio.me\/wp-content\/uploads\/2019\/04\/mercato-piazza-Eminonu-768x576.jpg 768w, https:\/\/ilmioviaggio.me\/wp-content\/uploads\/2019\/04\/mercato-piazza-Eminonu-1024x768.jpg 1024w\" sizes=\"auto, (max-width: 300px) 100vw, 300px\" \/><\/a><\/p>\n<p align=\"LEFT\"><em>Il mercato di Eminonu.<\/em><\/p>\n<p align=\"LEFT\">Mentre il sole sta calando, attraverso di nuovo, ma per stradine diverse, il Gran Bazar, raggiungo la piazza di Sultanahmet e mi avvio verso l&#8217;ostello.<\/p>\n<p align=\"LEFT\"><a href=\"https:\/\/ilmioviaggio.me\/wp-content\/uploads\/2019\/04\/me.jpg\" rel=\"attachment wp-att-5258\"><img loading=\"lazy\" decoding=\"async\" class=\"alignnone size-medium wp-image-5258\" src=\"https:\/\/ilmioviaggio.me\/wp-content\/uploads\/2019\/04\/me-225x300.jpg\" alt=\"me\" width=\"225\" height=\"300\" srcset=\"https:\/\/ilmioviaggio.me\/wp-content\/uploads\/2019\/04\/me-225x300.jpg 225w, https:\/\/ilmioviaggio.me\/wp-content\/uploads\/2019\/04\/me-768x1024.jpg 768w\" sizes=\"auto, (max-width: 225px) 100vw, 225px\" \/><\/a><\/p>\n<p align=\"LEFT\">\n","protected":false},"excerpt":{"rendered":"<p>Santa Sofia, 4 aprile 2019. La fila per entrare. Salgo lungo la riva che porta alla piazza di Sultanahmet, dove stanno la Moschea Blu e Santa Sofia, l&#8217;antica chiesa divenuta moschea dopo la caduta di Costantinopoli e ora adibita a museo. Istanbul, Santa Sofia, 4 aprile 2019. Il portale. Santa Sofia, l&#8217;ho gi\u00e0 visitata, parecchi &hellip; <a href=\"https:\/\/ilmioviaggio.me\/?p=5246\" class=\"more-link\">Continua a leggere <span class=\"screen-reader-text\">Istanbul (Turchia), 4 aprile 2019<\/span><\/a><\/p>\n","protected":false},"author":2,"featured_media":0,"comment_status":"open","ping_status":"open","sticky":false,"template":"","format":"standard","meta":{"footnotes":""},"categories":[1],"tags":[],"class_list":["post-5246","post","type-post","status-publish","format-standard","hentry","category-senza-categoria"],"_links":{"self":[{"href":"https:\/\/ilmioviaggio.me\/index.php?rest_route=\/wp\/v2\/posts\/5246","targetHints":{"allow":["GET"]}}],"collection":[{"href":"https:\/\/ilmioviaggio.me\/index.php?rest_route=\/wp\/v2\/posts"}],"about":[{"href":"https:\/\/ilmioviaggio.me\/index.php?rest_route=\/wp\/v2\/types\/post"}],"author":[{"embeddable":true,"href":"https:\/\/ilmioviaggio.me\/index.php?rest_route=\/wp\/v2\/users\/2"}],"replies":[{"embeddable":true,"href":"https:\/\/ilmioviaggio.me\/index.php?rest_route=%2Fwp%2Fv2%2Fcomments&post=5246"}],"version-history":[{"count":7,"href":"https:\/\/ilmioviaggio.me\/index.php?rest_route=\/wp\/v2\/posts\/5246\/revisions"}],"predecessor-version":[{"id":5968,"href":"https:\/\/ilmioviaggio.me\/index.php?rest_route=\/wp\/v2\/posts\/5246\/revisions\/5968"}],"wp:attachment":[{"href":"https:\/\/ilmioviaggio.me\/index.php?rest_route=%2Fwp%2Fv2%2Fmedia&parent=5246"}],"wp:term":[{"taxonomy":"category","embeddable":true,"href":"https:\/\/ilmioviaggio.me\/index.php?rest_route=%2Fwp%2Fv2%2Fcategories&post=5246"},{"taxonomy":"post_tag","embeddable":true,"href":"https:\/\/ilmioviaggio.me\/index.php?rest_route=%2Fwp%2Fv2%2Ftags&post=5246"}],"curies":[{"name":"wp","href":"https:\/\/api.w.org\/{rel}","templated":true}]}}