{"id":5290,"date":"2019-04-06T06:46:20","date_gmt":"2019-04-06T06:46:20","guid":{"rendered":"https:\/\/ilmioviaggio.me\/?p=5290"},"modified":"2019-05-25T16:05:40","modified_gmt":"2019-05-25T16:05:40","slug":"istanbul-turchia-5-aprile-2019","status":"publish","type":"post","link":"https:\/\/ilmioviaggio.me\/?p=5290","title":{"rendered":"Istanbul (Turchia), 5 aprile 2019"},"content":{"rendered":"<p><a href=\"https:\/\/ilmioviaggio.me\/wp-content\/uploads\/2019\/04\/Piazza-Sultanhamet.ok-La-colonna.jpg\" rel=\"attachment wp-att-5311\"><img loading=\"lazy\" decoding=\"async\" class=\"alignnone size-medium wp-image-5311\" src=\"https:\/\/ilmioviaggio.me\/wp-content\/uploads\/2019\/04\/Piazza-Sultanhamet.ok-La-colonna-300x225.jpg\" alt=\"Piazza Sultanhamet.ok La colonna\" width=\"300\" height=\"225\" srcset=\"https:\/\/ilmioviaggio.me\/wp-content\/uploads\/2019\/04\/Piazza-Sultanhamet.ok-La-colonna-300x225.jpg 300w, https:\/\/ilmioviaggio.me\/wp-content\/uploads\/2019\/04\/Piazza-Sultanhamet.ok-La-colonna-768x576.jpg 768w, https:\/\/ilmioviaggio.me\/wp-content\/uploads\/2019\/04\/Piazza-Sultanhamet.ok-La-colonna-1024x768.jpg 1024w\" sizes=\"auto, (max-width: 300px) 100vw, 300px\" \/><\/a><\/p>\n<p><em>Sultanhamet e la Colonna Egizia.<\/em><\/p>\n<p>Oggi, ho cambiato dormitorio: da quello misto che sta in un semi interrato sono passata a quello femminile, al secondo piano. Questo \u00e8 molto pi\u00f9 grande ed ha sei letti, mentre quello misto era pi\u00f9 piccolo e ne aveva quattro. E&#8217; molto pi\u00f9 accogliente ed elegante, ma stavo bene anche nell&#8217;altro, con quei simpatici ragazzi. Qui, le ragazze sono quattro e un letto \u00e8 libero. Ci sono: una russa, una cinese di Pechino, una canadese e una nigeriana.<\/p>\n<p><a href=\"https:\/\/ilmioviaggio.me\/wp-content\/uploads\/2019\/04\/la-torre-di-Costantinook.jpg\" rel=\"attachment wp-att-5305\"><img loading=\"lazy\" decoding=\"async\" class=\"alignnone size-medium wp-image-5305\" src=\"https:\/\/ilmioviaggio.me\/wp-content\/uploads\/2019\/04\/la-torre-di-Costantinook-300x225.jpg\" alt=\"la torre di Costantinook\" width=\"300\" height=\"225\" srcset=\"https:\/\/ilmioviaggio.me\/wp-content\/uploads\/2019\/04\/la-torre-di-Costantinook-300x225.jpg 300w, https:\/\/ilmioviaggio.me\/wp-content\/uploads\/2019\/04\/la-torre-di-Costantinook-768x576.jpg 768w, https:\/\/ilmioviaggio.me\/wp-content\/uploads\/2019\/04\/la-torre-di-Costantinook-1024x768.jpg 1024w\" sizes=\"auto, (max-width: 300px) 100vw, 300px\" \/><\/a><\/p>\n<p><em>La Torre di Costantino.<\/em><\/p>\n<p>Esco nella tarda mattinata dall&#8217;ostello e ritorno nella piazza di Sultanhamet. Attraverso il grande parco e mi siedo l\u00ec a guardare la gente. Le panchine, in cemento, sono state rivestite, sui sedili, con dei listelli di legno, probabilmente per isolarle sia dal freddo invernale che dal calore estivo. C&#8217;\u00e8 molta gente seduta qui: alcuni stanno chiacchierando tra loro, altri stanno semplicemente oziando. E&#8217; una bellissima giornata di sole e la temperatura \u00e8 pi\u00f9 calda di ieri, finalmente. E&#8217; gi\u00e0 mezzogiorno: sono le voci dei muezzin che lo annunciano. Arrivano fin qui dalle varie moschee: ce ne sono almeno due che si sovrappongono, ma in modo diverso e piacevole. Mi guardo intorno: il parco \u00e8 accogliente con i resti di antiche mura recintati e molte viole e tulipani in fiore.<\/p>\n<p><a href=\"https:\/\/ilmioviaggio.me\/wp-content\/uploads\/2019\/04\/incontriok.jpg\" rel=\"attachment wp-att-5303\"><img loading=\"lazy\" decoding=\"async\" class=\"alignnone size-medium wp-image-5303\" src=\"https:\/\/ilmioviaggio.me\/wp-content\/uploads\/2019\/04\/incontriok-300x225.jpg\" alt=\"incontriok\" width=\"300\" height=\"225\" srcset=\"https:\/\/ilmioviaggio.me\/wp-content\/uploads\/2019\/04\/incontriok-300x225.jpg 300w, https:\/\/ilmioviaggio.me\/wp-content\/uploads\/2019\/04\/incontriok-768x576.jpg 768w, https:\/\/ilmioviaggio.me\/wp-content\/uploads\/2019\/04\/incontriok-1024x768.jpg 1024w\" sizes=\"auto, (max-width: 300px) 100vw, 300px\" \/><\/a><\/p>\n<p><em>Incontri.<\/em><\/p>\n<p>Le persone vivono con spontaneit\u00e0 questi spazi all&#8217;aperto e paiono abituate a frequentarli. Mi \u00e8 capitato diverse volte di incontrare luoghi simili a questo, con aree pedonali e gardini pubblici, e mi viene sempre spontaneo di pensare alla mia citt\u00e0, a come potrebbe migliorare se avesse dei luoghi simili. Udine, la citt\u00e0 dove abito, conta circa 100 mila abitanti. Ha un grazioso centro storico di origine medioevale, ma non ci sono luoghi pubblici dove sedersi in libert\u00e0 e nemmeno posti accoglienti e curati dove poter sostare. Il centro della citt\u00e0 non ha una dimensione umana e relazionale spontanea, libera da interessi commerciali ed economici.<\/p>\n<p><a href=\"https:\/\/ilmioviaggio.me\/wp-content\/uploads\/2019\/04\/Beyazit-squareok.jpg\" rel=\"attachment wp-att-5294\"><img loading=\"lazy\" decoding=\"async\" class=\"alignnone size-medium wp-image-5294\" src=\"https:\/\/ilmioviaggio.me\/wp-content\/uploads\/2019\/04\/Beyazit-squareok-300x225.jpg\" alt=\"Beyazit squareok\" width=\"300\" height=\"225\" srcset=\"https:\/\/ilmioviaggio.me\/wp-content\/uploads\/2019\/04\/Beyazit-squareok-300x225.jpg 300w, https:\/\/ilmioviaggio.me\/wp-content\/uploads\/2019\/04\/Beyazit-squareok-768x576.jpg 768w, https:\/\/ilmioviaggio.me\/wp-content\/uploads\/2019\/04\/Beyazit-squareok-1024x768.jpg 1024w\" sizes=\"auto, (max-width: 300px) 100vw, 300px\" \/><\/a><\/p>\n<p><em>Beyazit square.<\/em><\/p>\n<p>Nella piazza di Sultanhamet, poco dopo il parco, sta la Colonna di Costantino, risalente al 330 a.D. E&#8217; alta 57 metri ed \u00e8 stata trasportata qui, a Istanbul, dal Tempio di Apollo di Roma. La piazza, che sta su uno dei 7 colli, voluti dall&#8217;imperatore romano Costantino I, dopo l&#8217;arrivo della colonna, aveva assunto il nome di &#8220;Forum di Costantino&#8221;. La colonna ha un diametro di 3 metri e, in origine, aveva sulla cima, la scultura del dio Apollo rappresentato mentre salutava il sole. In seguito, la statua, \u00e8 stata sostituita con quella di Costantino, dopo la sua proclamazione a imperatore di Costantinopoli. Poi, nel tardo periodo bizantino, la statua \u00e8 stata sostituita, ancora, con quella di Julianus e, poi, con quella di Theodosius. La colonna, pi\u00f9 volte distrutta, \u00e8 stata ricostruita per la prima volta nel 1470, da Selian I. Nel periodo ottomano \u00e8 rimasta danneggiata da un incendio e nel XVII secolo \u00e8 stata rinforzata con dei solidi anelli d&#8217;acciaio e dopo questo intervento ha preso il nome di &#8220;Colonna con anelli&#8221;. Anche qui, in questa piazza, c&#8217;\u00e8 parecchia gente seduta sulle panchine. Sono le 13:00 e stanno arrivando di nuovo le voci dei muezzin: l&#8217;una dalla Moschea Nuova che sta di fronte a me e l&#8217;altra dalla Noruosmanye Cami, alla mia sinistra. Pi\u00f9 avanti, sulla Yenicertler Caddesi c&#8217;\u00e8 un&#8217;altra moschea, la Cali Pasha Moschea, costruita in pietra nel 1593, in stile classico ottomano.<\/p>\n<p><a href=\"https:\/\/ilmioviaggio.me\/wp-content\/uploads\/2019\/04\/pregh-cortile-okforse.jpg\" rel=\"attachment wp-att-5308\"><img loading=\"lazy\" decoding=\"async\" class=\"alignnone size-medium wp-image-5308\" src=\"https:\/\/ilmioviaggio.me\/wp-content\/uploads\/2019\/04\/pregh-cortile-okforse-225x300.jpg\" alt=\"pregh cortile okforse\" width=\"225\" height=\"300\" srcset=\"https:\/\/ilmioviaggio.me\/wp-content\/uploads\/2019\/04\/pregh-cortile-okforse-225x300.jpg 225w, https:\/\/ilmioviaggio.me\/wp-content\/uploads\/2019\/04\/pregh-cortile-okforse-768x1024.jpg 768w\" sizes=\"auto, (max-width: 225px) 100vw, 225px\" \/><\/a><\/p>\n<p><em>Preghiera nel cortile della moschea Cali Pasha.<\/em><\/p>\n<p>Qui, nel cortile, ci sono un&#8217;infinit\u00e0 di uomini, seduti, ognuno sul proprio tappetino: stanno ascoltando la voce dell&#8217;Iman che arriva dall&#8217;interno della moschea. Le persone sedute sulla cancellata e fuori, sul marciapiede della strada, hanno lo spazio per alzarsi, inginocchiarsi, piegarsi ed alzarsi di nuovo, seguendo le parole dell&#8217;Iman. Gli altri, quelli dentro l&#8217;affollato cortile, rimangono seduti, fermi, l&#8217;uno attaccato all&#8217;altro, per mancanza di spazio.<\/p>\n<p><a href=\"https:\/\/ilmioviaggio.me\/wp-content\/uploads\/2019\/04\/cimitero-e-sulle-sfondo-okmausoleo-di-Sinan-Pasha.jpg\" rel=\"attachment wp-att-5295\"><img loading=\"lazy\" decoding=\"async\" class=\"alignnone size-medium wp-image-5295\" src=\"https:\/\/ilmioviaggio.me\/wp-content\/uploads\/2019\/04\/cimitero-e-sulle-sfondo-okmausoleo-di-Sinan-Pasha-300x225.jpg\" alt=\"cimitero e sulle sfondo okmausoleo di Sinan Pasha\" width=\"300\" height=\"225\" srcset=\"https:\/\/ilmioviaggio.me\/wp-content\/uploads\/2019\/04\/cimitero-e-sulle-sfondo-okmausoleo-di-Sinan-Pasha-300x225.jpg 300w, https:\/\/ilmioviaggio.me\/wp-content\/uploads\/2019\/04\/cimitero-e-sulle-sfondo-okmausoleo-di-Sinan-Pasha-768x576.jpg 768w, https:\/\/ilmioviaggio.me\/wp-content\/uploads\/2019\/04\/cimitero-e-sulle-sfondo-okmausoleo-di-Sinan-Pasha-1024x768.jpg 1024w\" sizes=\"auto, (max-width: 300px) 100vw, 300px\" \/><\/a><\/p>\n<p><em>La tomba di Sinan Pasha e il cimitero intorno.<\/em><\/p>\n<p>Poco pi\u00f9 avanti, c&#8217;\u00e8 un tempietto con la tomba di Sinan Pasha e nel cortile intorno ci sono altre tombe in pietra. Entro l\u00ec, attraverso un portone cigolante e giro intorno al porticato. Un insegnante di 34 anni, originario di Aleppo, in Siria, mi dice che quella che sto visitando \u00e8 una scuola islamica.<\/p>\n<p><a href=\"https:\/\/ilmioviaggio.me\/wp-content\/uploads\/2019\/04\/cortile-scuoa-islamicaok-1.jpg\" rel=\"attachment wp-att-5296\"><img loading=\"lazy\" decoding=\"async\" class=\"alignnone size-medium wp-image-5296\" src=\"https:\/\/ilmioviaggio.me\/wp-content\/uploads\/2019\/04\/cortile-scuoa-islamicaok-1-300x225.jpg\" alt=\"cortile scuoa islamicaok\" width=\"300\" height=\"225\" srcset=\"https:\/\/ilmioviaggio.me\/wp-content\/uploads\/2019\/04\/cortile-scuoa-islamicaok-1-300x225.jpg 300w, https:\/\/ilmioviaggio.me\/wp-content\/uploads\/2019\/04\/cortile-scuoa-islamicaok-1-768x576.jpg 768w, https:\/\/ilmioviaggio.me\/wp-content\/uploads\/2019\/04\/cortile-scuoa-islamicaok-1-1024x768.jpg 1024w\" sizes=\"auto, (max-width: 300px) 100vw, 300px\" \/><\/a><\/p>\n<p><em>La scuola islamica<\/em>.<\/p>\n<p>Lui, qui, insegna arabo, ma \u00e8 laureato in lingua inglese. Ci sediamo insieme ad uno dei tanti tavoli di legno del cortile. Si avvicina a noi un turco di 35 anni, di Agri, nell&#8217;Est della Turchia. Abita a Istanbul e\u00a0 fa l&#8217;interprete di arabo e turco per i commercianti. E&#8217; laureato in biologia e ora sta frequentando un corso d&#8217;inglese in una scuola privata. Un&#8217; altra persona che lavora e vive l\u00ec, nella scuola, come l&#8217;insegnante di arabo, compare per portarci del cjai e poi scompare. Viene a sedersi al nostro tavolo, invece, un anziano Iman, ora in pensione. Ha 89 anni e legge ancora senza usare gli occhiali. Quando si alza per andare via, mi saluta stringendomi la mano. L&#8217;insegnante mi regala un libretto scritto in italiano che sintetizza, in modo molto chiaro e convincente, i valori di riferimento dell&#8217;islam. Lui, mi chiede di leggere una piccola parte del primo capitolo del libro e io l&#8217;accontento. Devo proprio ammettere che il testo \u00e8 scritto molto, molto bene. Il linguaggio \u00e8 semplice e molto comunicativo. L&#8217;insegnante \u00e8 soddisfatto della mia lettura e del mio apprezzamento e mi riprende con il video del suo cellulare. Lascio il gruppetto islamico e raggiungo la Beyazit square. Poco pi\u00f9 l\u00e0 c&#8217;\u00e8 un&#8217;altra importante moschea, la Suleymaniye Camii che ho visitato senz&#8217;altro molti anni fa.<\/p>\n<p><a href=\"https:\/\/ilmioviaggio.me\/wp-content\/uploads\/2019\/04\/gran-baz-disegni-bluok.jpg\" rel=\"attachment wp-att-5299\"><img loading=\"lazy\" decoding=\"async\" class=\"alignnone size-medium wp-image-5299\" src=\"https:\/\/ilmioviaggio.me\/wp-content\/uploads\/2019\/04\/gran-baz-disegni-bluok-300x225.jpg\" alt=\"gran baz disegni bluok\" width=\"300\" height=\"225\" srcset=\"https:\/\/ilmioviaggio.me\/wp-content\/uploads\/2019\/04\/gran-baz-disegni-bluok-300x225.jpg 300w, https:\/\/ilmioviaggio.me\/wp-content\/uploads\/2019\/04\/gran-baz-disegni-bluok-768x576.jpg 768w, https:\/\/ilmioviaggio.me\/wp-content\/uploads\/2019\/04\/gran-baz-disegni-bluok-1024x768.jpg 1024w\" sizes=\"auto, (max-width: 300px) 100vw, 300px\" \/><\/a><\/p>\n<p><em>Il Gran Bazar<\/em>.<\/p>\n<p>Qui accanto c&#8217;\u00e8 una delle entrate al Gran Bazar, quella che riporta la scritta Kapali Carsi, 1461 e Beyazit Kapisi. Passo un altro screening e riguardo i soffitti con le cupolette, i disegni blu, le piccole logge che ogni tanto appaiono e le fontanelle basse, allineate, anche loro rivestite con le piastrelle blu.<\/p>\n<p><a href=\"https:\/\/ilmioviaggio.me\/wp-content\/uploads\/2019\/04\/gggran-bazok.jpg\" rel=\"attachment wp-att-5298\"><img loading=\"lazy\" decoding=\"async\" class=\"alignnone size-medium wp-image-5298\" src=\"https:\/\/ilmioviaggio.me\/wp-content\/uploads\/2019\/04\/gggran-bazok-225x300.jpg\" alt=\"gggran bazok\" width=\"225\" height=\"300\" srcset=\"https:\/\/ilmioviaggio.me\/wp-content\/uploads\/2019\/04\/gggran-bazok-225x300.jpg 225w, https:\/\/ilmioviaggio.me\/wp-content\/uploads\/2019\/04\/gggran-bazok-768x1024.jpg 768w\" sizes=\"auto, (max-width: 225px) 100vw, 225px\" \/><\/a><\/p>\n<p><em>Gran Bazar.<\/em><\/p>\n<p>Esco ad Eminonu, nella mia piazza preferita. Compro dei filamenti di formaggio fresco, delle olive condite, degli arachidi e oggi pranzo qui, seduta su una di queste panchine.<\/p>\n<p><a href=\"https:\/\/ilmioviaggio.me\/wp-content\/uploads\/2019\/04\/Il-mercato-di-Eminonuok.jpg\" rel=\"attachment wp-att-5302\"><img loading=\"lazy\" decoding=\"async\" class=\"alignnone size-medium wp-image-5302\" src=\"https:\/\/ilmioviaggio.me\/wp-content\/uploads\/2019\/04\/Il-mercato-di-Eminonuok-300x225.jpg\" alt=\"Il mercato di Eminonuok\" width=\"300\" height=\"225\" srcset=\"https:\/\/ilmioviaggio.me\/wp-content\/uploads\/2019\/04\/Il-mercato-di-Eminonuok-300x225.jpg 300w, https:\/\/ilmioviaggio.me\/wp-content\/uploads\/2019\/04\/Il-mercato-di-Eminonuok-768x576.jpg 768w, https:\/\/ilmioviaggio.me\/wp-content\/uploads\/2019\/04\/Il-mercato-di-Eminonuok-1024x768.jpg 1024w\" sizes=\"auto, (max-width: 300px) 100vw, 300px\" \/><\/a><\/p>\n<p><em>Il mercato di Eminonu.<\/em><\/p>\n<p>Poi, salgo sul ponte di Galata e lo attraverso. Ogni tanto, mi fermo ad osservare il paziente lavoro di attesa dei numerosi pescatori che stanno sistemando le loro canne sul parapetto di ferro del ponte. Accanto ad ognuno di loro, in diversi secchi ci sono i pesci pescati, alcuni ancora vivi.<\/p>\n<p><a href=\"https:\/\/ilmioviaggio.me\/wp-content\/uploads\/2019\/04\/mercato-Eminonuok.jpg\" rel=\"attachment wp-att-5307\"><img loading=\"lazy\" decoding=\"async\" class=\"alignnone size-medium wp-image-5307\" src=\"https:\/\/ilmioviaggio.me\/wp-content\/uploads\/2019\/04\/mercato-Eminonuok-300x225.jpg\" alt=\"mercato Eminonuok\" width=\"300\" height=\"225\" srcset=\"https:\/\/ilmioviaggio.me\/wp-content\/uploads\/2019\/04\/mercato-Eminonuok-300x225.jpg 300w, https:\/\/ilmioviaggio.me\/wp-content\/uploads\/2019\/04\/mercato-Eminonuok-768x576.jpg 768w, https:\/\/ilmioviaggio.me\/wp-content\/uploads\/2019\/04\/mercato-Eminonuok-1024x768.jpg 1024w\" sizes=\"auto, (max-width: 300px) 100vw, 300px\" \/><\/a><\/p>\n<p><em>Eminonu<\/em>.<\/p>\n<p>Salgo su un pendio e arrivo alla Torre di Galata, una delle pi\u00f9 antiche del mondo.<\/p>\n<p><a href=\"https:\/\/ilmioviaggio.me\/wp-content\/uploads\/2019\/04\/La-torre-di-Galata-sullo-sfondo-ok.jpg\" rel=\"attachment wp-att-5306\"><img loading=\"lazy\" decoding=\"async\" class=\"alignnone size-medium wp-image-5306\" src=\"https:\/\/ilmioviaggio.me\/wp-content\/uploads\/2019\/04\/La-torre-di-Galata-sullo-sfondo-ok-225x300.jpg\" alt=\"La torre di Galata, sullo sfondo ok\" width=\"225\" height=\"300\" srcset=\"https:\/\/ilmioviaggio.me\/wp-content\/uploads\/2019\/04\/La-torre-di-Galata-sullo-sfondo-ok-225x300.jpg 225w, https:\/\/ilmioviaggio.me\/wp-content\/uploads\/2019\/04\/La-torre-di-Galata-sullo-sfondo-ok-768x1024.jpg 768w\" sizes=\"auto, (max-width: 225px) 100vw, 225px\" \/><\/a><\/p>\n<p><em>La Torre di Galata.<\/em><\/p>\n<p>Costruita dall&#8217;imperatore bizantino Anastasius nel VI secolo, distrutta durante la quarta crociata, \u00e8 stata ricostruita nel 1204 con il nome di &#8220;Torre di Ges\u00f9&#8221;. Ridiscendo la collina della torre e riattraverso il Ponte di Galata guardando le moschee di fronte, illuminate dagli ultimi raggi di sole e il via vai di navi che percorrono questo tratto di mare.<\/p>\n<p><a href=\"https:\/\/ilmioviaggio.me\/wp-content\/uploads\/2019\/04\/pescatori-Galataok.jpg\" rel=\"attachment wp-att-5310\"><img loading=\"lazy\" decoding=\"async\" class=\"alignnone size-medium wp-image-5310\" src=\"https:\/\/ilmioviaggio.me\/wp-content\/uploads\/2019\/04\/pescatori-Galataok-300x225.jpg\" alt=\"pescatori Galataok\" width=\"300\" height=\"225\" srcset=\"https:\/\/ilmioviaggio.me\/wp-content\/uploads\/2019\/04\/pescatori-Galataok-300x225.jpg 300w, https:\/\/ilmioviaggio.me\/wp-content\/uploads\/2019\/04\/pescatori-Galataok-768x576.jpg 768w, https:\/\/ilmioviaggio.me\/wp-content\/uploads\/2019\/04\/pescatori-Galataok-1024x768.jpg 1024w\" sizes=\"auto, (max-width: 300px) 100vw, 300px\" \/><\/a><\/p>\n<p><em>Pescatori sul Ponte di Galata.<\/em><\/p>\n<p>Passo tra i pescatori, ora ancora pi\u00f9 numerosi, con le loro lunghe canne, le loro attrezzature e la loro passione. Torno a Sultanhamet attraverso il Gran Bazar, il mio punto di riferimento per raggiungere l&#8217;ostello. Sono le 19 e 30 e il mercato sta chiudendo. In pochi minuti i venditori ritirano la merce esposta sulla via e chiudono le serrande. Il paesaggio si svuota rapidamente: la gente se ne va, le luci colorate si spengono, le merci esposte e le bancarelle scompaiono. E&#8217; buio ormai e l&#8217;aria si \u00e8 fatta gelida. Ridiscendo rapidamente la collina di Sultanhamet e raggiungo l&#8217;ostello, accompagnata dal canto della sera della Moschea Blu.<\/p>\n","protected":false},"excerpt":{"rendered":"<p>Sultanhamet e la Colonna Egizia. Oggi, ho cambiato dormitorio: da quello misto che sta in un semi interrato sono passata a quello femminile, al secondo piano. Questo \u00e8 molto pi\u00f9 grande ed ha sei letti, mentre quello misto era pi\u00f9 piccolo e ne aveva quattro. E&#8217; molto pi\u00f9 accogliente ed elegante, ma stavo bene anche &hellip; <a href=\"https:\/\/ilmioviaggio.me\/?p=5290\" class=\"more-link\">Continua a leggere <span class=\"screen-reader-text\">Istanbul (Turchia), 5 aprile 2019<\/span><\/a><\/p>\n","protected":false},"author":2,"featured_media":0,"comment_status":"open","ping_status":"open","sticky":false,"template":"","format":"standard","meta":{"footnotes":""},"categories":[1],"tags":[],"class_list":["post-5290","post","type-post","status-publish","format-standard","hentry","category-senza-categoria"],"_links":{"self":[{"href":"https:\/\/ilmioviaggio.me\/index.php?rest_route=\/wp\/v2\/posts\/5290","targetHints":{"allow":["GET"]}}],"collection":[{"href":"https:\/\/ilmioviaggio.me\/index.php?rest_route=\/wp\/v2\/posts"}],"about":[{"href":"https:\/\/ilmioviaggio.me\/index.php?rest_route=\/wp\/v2\/types\/post"}],"author":[{"embeddable":true,"href":"https:\/\/ilmioviaggio.me\/index.php?rest_route=\/wp\/v2\/users\/2"}],"replies":[{"embeddable":true,"href":"https:\/\/ilmioviaggio.me\/index.php?rest_route=%2Fwp%2Fv2%2Fcomments&post=5290"}],"version-history":[{"count":7,"href":"https:\/\/ilmioviaggio.me\/index.php?rest_route=\/wp\/v2\/posts\/5290\/revisions"}],"predecessor-version":[{"id":5967,"href":"https:\/\/ilmioviaggio.me\/index.php?rest_route=\/wp\/v2\/posts\/5290\/revisions\/5967"}],"wp:attachment":[{"href":"https:\/\/ilmioviaggio.me\/index.php?rest_route=%2Fwp%2Fv2%2Fmedia&parent=5290"}],"wp:term":[{"taxonomy":"category","embeddable":true,"href":"https:\/\/ilmioviaggio.me\/index.php?rest_route=%2Fwp%2Fv2%2Fcategories&post=5290"},{"taxonomy":"post_tag","embeddable":true,"href":"https:\/\/ilmioviaggio.me\/index.php?rest_route=%2Fwp%2Fv2%2Ftags&post=5290"}],"curies":[{"name":"wp","href":"https:\/\/api.w.org\/{rel}","templated":true}]}}