{"id":5315,"date":"2019-04-08T07:55:17","date_gmt":"2019-04-08T07:55:17","guid":{"rendered":"https:\/\/ilmioviaggio.me\/?p=5315"},"modified":"2019-05-25T16:04:27","modified_gmt":"2019-05-25T16:04:27","slug":"istanbul-turchia-6-aprile-2019","status":"publish","type":"post","link":"https:\/\/ilmioviaggio.me\/?p=5315","title":{"rendered":"Istanbul (Turchia), 6 aprile 2019"},"content":{"rendered":"<p>Scendendo lungo la riva accanto all\u2019hotel trovo la Piccola Santa Sofia, &#8220;The Little Hagia Sophia Mosque&#8221;, costruita per volere dell\u2019imperatore Justinian e di sua moglie Theodora, tra il 527 e il 536 con il nome di Hagia Sergios e Bachos Church. Trasformata in moschea nel 1497, la chiesa ha mantenuto la sua struttura originaria anche dopo gli interventi di restauro effettuati tra il 1836 e il 1956.<\/p>\n<p><a href=\"https:\/\/ilmioviaggio.me\/wp-content\/uploads\/2019\/04\/Piccola-Sofia.jpg\" rel=\"attachment wp-att-5319\"><img loading=\"lazy\" decoding=\"async\" class=\"alignnone size-medium wp-image-5319\" src=\"https:\/\/ilmioviaggio.me\/wp-content\/uploads\/2019\/04\/Piccola-Sofia-225x300.jpg\" alt=\"Piccola Sofia\" width=\"225\" height=\"300\" srcset=\"https:\/\/ilmioviaggio.me\/wp-content\/uploads\/2019\/04\/Piccola-Sofia-225x300.jpg 225w, https:\/\/ilmioviaggio.me\/wp-content\/uploads\/2019\/04\/Piccola-Sofia-768x1024.jpg 768w\" sizes=\"auto, (max-width: 225px) 100vw, 225px\" \/><\/a><\/p>\n<p><em>Istanbul, 6 aprile 2019. La Piccola Santa Sofia.<\/em><\/p>\n<p>Ha la forma ottagonale con dei rettangoli che vanno a comporre archi e mezze lune. Anche la cupola \u00e8 ottagonale e sulle facce del poligono si aprono numerose finestre. Non ci sono mosaici e nemmeno affreschi in questa chiesa.<\/p>\n<p><a href=\"https:\/\/ilmioviaggio.me\/wp-content\/uploads\/2019\/04\/porticato-p-sof.jpg\" rel=\"attachment wp-att-5320\"><img loading=\"lazy\" decoding=\"async\" class=\"alignnone size-medium wp-image-5320\" src=\"https:\/\/ilmioviaggio.me\/wp-content\/uploads\/2019\/04\/porticato-p-sof-225x300.jpg\" alt=\"porticato p sof\" width=\"225\" height=\"300\" srcset=\"https:\/\/ilmioviaggio.me\/wp-content\/uploads\/2019\/04\/porticato-p-sof-225x300.jpg 225w, https:\/\/ilmioviaggio.me\/wp-content\/uploads\/2019\/04\/porticato-p-sof-768x1024.jpg 768w\" sizes=\"auto, (max-width: 225px) 100vw, 225px\" \/><\/a><\/p>\n<p><em>Porticato esterno della Piccola Santa Sofia.<\/em><\/p>\n<p>All\u2019interno, intorno al perimetro, in alto, sotto la grande cupola, c\u2019\u00e8 un bordo bizantino raffigurante delle foglie di vite e dei grappoli d&#8217;uva, dai quali si ottiene il vino, elemento simbolico del sangue di Cristo. E&#8217; dipinta di rosa e verde porpora all&#8217;interno, mentre si vedono i mattoni sulle superfici esterne che la compongono.<\/p>\n<p><a href=\"https:\/\/ilmioviaggio.me\/wp-content\/uploads\/2019\/04\/picccola-s.jpg\" rel=\"attachment wp-att-5321\"><img loading=\"lazy\" decoding=\"async\" class=\"alignnone size-medium wp-image-5321\" src=\"https:\/\/ilmioviaggio.me\/wp-content\/uploads\/2019\/04\/picccola-s-225x300.jpg\" alt=\"picccola s\" width=\"225\" height=\"300\" srcset=\"https:\/\/ilmioviaggio.me\/wp-content\/uploads\/2019\/04\/picccola-s-225x300.jpg 225w, https:\/\/ilmioviaggio.me\/wp-content\/uploads\/2019\/04\/picccola-s-768x1024.jpg 768w\" sizes=\"auto, (max-width: 225px) 100vw, 225px\" \/><\/a><\/p>\n<p><em>Piccola Santa Sofia, interno.<\/em><\/p>\n<p>Intorno alla cupola, c\u2019\u00e8 un loggiato sostenuto da delle colonne di marmo grigio che ricordano lo stile greco e romano. Anche all&#8217;esterno c\u2019\u00e8 un porticato con una serie di piccole cupole e, nel cortiletto laterale, c\u2019\u00e8 un cimitero dove sono stati sepolti dei religiosi e delle persone di alto ceto sociale.<\/p>\n<p><a href=\"https:\/\/ilmioviaggio.me\/wp-content\/uploads\/2019\/04\/piccola-sss.jpg\" rel=\"attachment wp-att-5318\"><img loading=\"lazy\" decoding=\"async\" class=\"alignnone size-medium wp-image-5318\" src=\"https:\/\/ilmioviaggio.me\/wp-content\/uploads\/2019\/04\/piccola-sss-225x300.jpg\" alt=\"piccola sss\" width=\"225\" height=\"300\" srcset=\"https:\/\/ilmioviaggio.me\/wp-content\/uploads\/2019\/04\/piccola-sss-225x300.jpg 225w, https:\/\/ilmioviaggio.me\/wp-content\/uploads\/2019\/04\/piccola-sss-768x1024.jpg 768w\" sizes=\"auto, (max-width: 225px) 100vw, 225px\" \/><\/a><\/p>\n<p><em>La Piccola Santa Sofia: interno.<\/em><\/p>\n<p>Di fronte alla chiesa si sviluppa una costruzione bassa e lunga che ospita dei negozi che vendono manufatti locali. Anche questa chiesa \u00e8 stata trasformata in moschea come tutte le altre, dopo la conquista di Costantinopoli da parte dei turchi. Uscita dalla moschea mi sposto un po&#8217; a caso tra le stradine in pendenza.<\/p>\n<p><a href=\"https:\/\/ilmioviaggio.me\/wp-content\/uploads\/2019\/04\/Gulhane-parco.jpg\" rel=\"attachment wp-att-5328\"><img loading=\"lazy\" decoding=\"async\" class=\"alignnone size-medium wp-image-5328\" src=\"https:\/\/ilmioviaggio.me\/wp-content\/uploads\/2019\/04\/Gulhane-parco-300x225.jpg\" alt=\"Gulhane parco\" width=\"300\" height=\"225\" srcset=\"https:\/\/ilmioviaggio.me\/wp-content\/uploads\/2019\/04\/Gulhane-parco-300x225.jpg 300w, https:\/\/ilmioviaggio.me\/wp-content\/uploads\/2019\/04\/Gulhane-parco-768x576.jpg 768w, https:\/\/ilmioviaggio.me\/wp-content\/uploads\/2019\/04\/Gulhane-parco-1024x768.jpg 1024w\" sizes=\"auto, (max-width: 300px) 100vw, 300px\" \/><\/a><\/p>\n<p><em>Gulhane Park.<\/em><\/p>\n<p>Arrivo ad un vecchio, elegante portone di legno, aperto. Entro e scopro un grande parco un po&#8217; piano e in parte arroccato su una collina: il Gulhane Park.\u00a0 All&#8217;interno ci sono alberi sempre verdi e altri ancora spogli. I prati erbosi che si estendono su vasti spazi sono curatissimi come pure le numerose aiuole colme di tulipani e viole in fiore.<\/p>\n<p><a href=\"https:\/\/ilmioviaggio.me\/wp-content\/uploads\/2019\/04\/Gulhane-ppark.jpg\" rel=\"attachment wp-att-5327\"><img loading=\"lazy\" decoding=\"async\" class=\"alignnone size-medium wp-image-5327\" src=\"https:\/\/ilmioviaggio.me\/wp-content\/uploads\/2019\/04\/Gulhane-ppark-300x225.jpg\" alt=\"Gulhane ppark\" width=\"300\" height=\"225\" srcset=\"https:\/\/ilmioviaggio.me\/wp-content\/uploads\/2019\/04\/Gulhane-ppark-300x225.jpg 300w, https:\/\/ilmioviaggio.me\/wp-content\/uploads\/2019\/04\/Gulhane-ppark-768x576.jpg 768w, https:\/\/ilmioviaggio.me\/wp-content\/uploads\/2019\/04\/Gulhane-ppark-1024x768.jpg 1024w\" sizes=\"auto, (max-width: 300px) 100vw, 300px\" \/><\/a><\/p>\n<p><em>Pic-nic al Gulhane Park.<\/em><\/p>\n<p>Oggi il cielo \u00e8 coperto da grosse nuvole ed \u00e8 tornato il freddo. Un vento gelido soffia in continuazione e penetra, attraverso gli abiti, fin nelle ossa. C&#8217;\u00e8 parecchia gente che passeggia o seduta sulle panchine, anche se fa freddo. Ci sono molte coppie con dei bambini piccoli che dormono distesi sul passeggino.<\/p>\n<p><a href=\"https:\/\/ilmioviaggio.me\/wp-content\/uploads\/2019\/04\/Gulhane-Park.jpg\" rel=\"attachment wp-att-5329\"><img loading=\"lazy\" decoding=\"async\" class=\"alignnone size-medium wp-image-5329\" src=\"https:\/\/ilmioviaggio.me\/wp-content\/uploads\/2019\/04\/Gulhane-Park-300x225.jpg\" alt=\"Gulhane Park\" width=\"300\" height=\"225\" srcset=\"https:\/\/ilmioviaggio.me\/wp-content\/uploads\/2019\/04\/Gulhane-Park-300x225.jpg 300w, https:\/\/ilmioviaggio.me\/wp-content\/uploads\/2019\/04\/Gulhane-Park-768x576.jpg 768w, https:\/\/ilmioviaggio.me\/wp-content\/uploads\/2019\/04\/Gulhane-Park-1024x768.jpg 1024w\" sizes=\"auto, (max-width: 300px) 100vw, 300px\" \/><\/a><\/p>\n<p><em>Gulhane Park.<\/em><\/p>\n<p>Pi\u00f9 su, sopra il dorso della collina c&#8217;\u00e8 un parco giochi pieno di bambni che si dondolano sull&#8217;altalena, salgono e scendono sugli scivoli, si rincorrono spensierati.<\/p>\n<p><a href=\"https:\/\/ilmioviaggio.me\/wp-content\/uploads\/2019\/04\/Panorama-dal-mar-di-Mar-su-Galok.jpg\" rel=\"attachment wp-att-5325\"><img loading=\"lazy\" decoding=\"async\" class=\"alignnone size-medium wp-image-5325\" src=\"https:\/\/ilmioviaggio.me\/wp-content\/uploads\/2019\/04\/Panorama-dal-mar-di-Mar-su-Galok-300x225.jpg\" alt=\"Panorama dal mar di Mar su Galok\" width=\"300\" height=\"225\" srcset=\"https:\/\/ilmioviaggio.me\/wp-content\/uploads\/2019\/04\/Panorama-dal-mar-di-Mar-su-Galok-300x225.jpg 300w, https:\/\/ilmioviaggio.me\/wp-content\/uploads\/2019\/04\/Panorama-dal-mar-di-Mar-su-Galok-768x576.jpg 768w, https:\/\/ilmioviaggio.me\/wp-content\/uploads\/2019\/04\/Panorama-dal-mar-di-Mar-su-Galok-1024x768.jpg 1024w\" sizes=\"auto, (max-width: 300px) 100vw, 300px\" \/><\/a><\/p>\n<p><em>Panorama sul Mar di Marmara e verso la Torre di Galata.<\/em><\/p>\n<p>E&#8217; sabato pomeriggio e probabilmente sia i bambini che gli adulti stanno trascorrendo dei momenti di svago e relax. Ci sono anche dei gruppi di persone sedute sul prato che stanno facendo il pic-nic.<\/p>\n<p><a href=\"https:\/\/ilmioviaggio.me\/wp-content\/uploads\/2019\/04\/ragazzi-ponte-accanto-Gal.jpg\" rel=\"attachment wp-att-5338\"><img loading=\"lazy\" decoding=\"async\" class=\"alignnone size-medium wp-image-5338\" src=\"https:\/\/ilmioviaggio.me\/wp-content\/uploads\/2019\/04\/ragazzi-ponte-accanto-Gal-300x225.jpg\" alt=\"ragazzi ponte accanto Gal\" width=\"300\" height=\"225\" srcset=\"https:\/\/ilmioviaggio.me\/wp-content\/uploads\/2019\/04\/ragazzi-ponte-accanto-Gal-300x225.jpg 300w, https:\/\/ilmioviaggio.me\/wp-content\/uploads\/2019\/04\/ragazzi-ponte-accanto-Gal-768x576.jpg 768w, https:\/\/ilmioviaggio.me\/wp-content\/uploads\/2019\/04\/ragazzi-ponte-accanto-Gal-1024x768.jpg 1024w\" sizes=\"auto, (max-width: 300px) 100vw, 300px\" \/><\/a><\/p>\n<p><em>Momenti di vita accanto al Galata Bridge.<\/em><\/p>\n<p>Esco dal parco poco pi\u00f9 gi\u00f9 del Galata Bridge e accanto alla stazione ferroviaria di Sirkeci, il punto dal quale questa sera partir\u00f2, prima in pullman e poi in treno, per Sofia.<\/p>\n<p><a href=\"https:\/\/ilmioviaggio.me\/wp-content\/uploads\/2019\/04\/Eminonu2ok.jpg\" rel=\"attachment wp-att-5333\"><img loading=\"lazy\" decoding=\"async\" class=\"alignnone size-medium wp-image-5333\" src=\"https:\/\/ilmioviaggio.me\/wp-content\/uploads\/2019\/04\/Eminonu2ok-300x225.jpg\" alt=\"Eminonu2ok\" width=\"300\" height=\"225\" srcset=\"https:\/\/ilmioviaggio.me\/wp-content\/uploads\/2019\/04\/Eminonu2ok-300x225.jpg 300w, https:\/\/ilmioviaggio.me\/wp-content\/uploads\/2019\/04\/Eminonu2ok-768x576.jpg 768w, https:\/\/ilmioviaggio.me\/wp-content\/uploads\/2019\/04\/Eminonu2ok-1024x768.jpg 1024w\" sizes=\"auto, (max-width: 300px) 100vw, 300px\" \/><\/a><\/p>\n<p><em>La piazza di Eminonu.<\/em><\/p>\n<p>Oggi vado a pranzo nei ristoranti che stanno sotto il ponte di Galata. Per raggiungere Eminonu da qui devo passare attraverso un sottopassaggio. L\u00ec sotto c&#8217;\u00e8 una marea di gente e si fa fatica a muoversi. Anche qui, sicuramente, nei week-end c&#8217;\u00e8 tanta gente che dai villaggi si sposta in citt\u00e0 per fare delle compere o semplicemente per svagarsi.<\/p>\n<p><a href=\"https:\/\/ilmioviaggio.me\/wp-content\/uploads\/2019\/04\/Eminonu-okk.jpg\" rel=\"attachment wp-att-5334\"><img loading=\"lazy\" decoding=\"async\" class=\"alignnone size-medium wp-image-5334\" src=\"https:\/\/ilmioviaggio.me\/wp-content\/uploads\/2019\/04\/Eminonu-okk-300x225.jpg\" alt=\"Eminonu okk\" width=\"300\" height=\"225\" srcset=\"https:\/\/ilmioviaggio.me\/wp-content\/uploads\/2019\/04\/Eminonu-okk-300x225.jpg 300w, https:\/\/ilmioviaggio.me\/wp-content\/uploads\/2019\/04\/Eminonu-okk-768x576.jpg 768w, https:\/\/ilmioviaggio.me\/wp-content\/uploads\/2019\/04\/Eminonu-okk-1024x768.jpg 1024w\" sizes=\"auto, (max-width: 300px) 100vw, 300px\" \/><\/a><\/p>\n<p><em>Aspetti di Eminonu.<\/em><\/p>\n<p>Anche al Gran bazar \u00e8 praticamente impossibile entrare. Cerco delle stradine meno frequentate e mi dirigo verso l&#8217;ostello.<\/p>\n<p><a href=\"https:\/\/ilmioviaggio.me\/wp-content\/uploads\/2019\/04\/rist-bazarok.jpg\" rel=\"attachment wp-att-5336\"><img loading=\"lazy\" decoding=\"async\" class=\"alignnone size-medium wp-image-5336\" src=\"https:\/\/ilmioviaggio.me\/wp-content\/uploads\/2019\/04\/rist-bazarok-225x300.jpg\" alt=\"rist bazarok\" width=\"225\" height=\"300\" srcset=\"https:\/\/ilmioviaggio.me\/wp-content\/uploads\/2019\/04\/rist-bazarok-225x300.jpg 225w, https:\/\/ilmioviaggio.me\/wp-content\/uploads\/2019\/04\/rist-bazarok-768x1024.jpg 768w\" sizes=\"auto, (max-width: 225px) 100vw, 225px\" \/><\/a><\/p>\n<p><em>Un ristorante del Gran Bazar.<\/em><\/p>\n<p>Passo davanti alla Colonna di Costantino con la parte alta piena di anelli e rivedo anche la Moschea Cali Pasha dove ieri, i musulmani, stavano pregando nel cortile. Sono sulla Divan Yolu Caddesi, accanto alla scuola islamica visitata ieri.<\/p>\n<p><a href=\"https:\/\/ilmioviaggio.me\/wp-content\/uploads\/2019\/04\/La-torre-di-Costantino-con-gli-anelli6_171057.jpg\" rel=\"attachment wp-att-5330\"><img loading=\"lazy\" decoding=\"async\" class=\"alignnone size-medium wp-image-5330\" src=\"https:\/\/ilmioviaggio.me\/wp-content\/uploads\/2019\/04\/La-torre-di-Costantino-con-gli-anelli6_171057-225x300.jpg\" alt=\"La torre di Costantino con gli anelli6_171057\" width=\"225\" height=\"300\" srcset=\"https:\/\/ilmioviaggio.me\/wp-content\/uploads\/2019\/04\/La-torre-di-Costantino-con-gli-anelli6_171057-225x300.jpg 225w, https:\/\/ilmioviaggio.me\/wp-content\/uploads\/2019\/04\/La-torre-di-Costantino-con-gli-anelli6_171057-768x1024.jpg 768w\" sizes=\"auto, (max-width: 225px) 100vw, 225px\" \/><\/a><\/p>\n<p><em>La Torre di Costantino con visibili gli anelli che la rinforzano.<\/em><\/p>\n<p>Qui, c&#8217;\u00e8 un cancello aperto dal quale vedo sempre un gran movimento di gente. E&#8217; un cimitero con delle tombe in pietra che portano incise le date del XIV secolo. Ci sono anche dei mausolei.<\/p>\n<p><a href=\"https:\/\/ilmioviaggio.me\/wp-content\/uploads\/2019\/04\/santa-s-ok.jpg\" rel=\"attachment wp-att-5337\"><img loading=\"lazy\" decoding=\"async\" class=\"alignnone size-medium wp-image-5337\" src=\"https:\/\/ilmioviaggio.me\/wp-content\/uploads\/2019\/04\/santa-s-ok-300x225.jpg\" alt=\"santa s ok\" width=\"300\" height=\"225\" srcset=\"https:\/\/ilmioviaggio.me\/wp-content\/uploads\/2019\/04\/santa-s-ok-300x225.jpg 300w, https:\/\/ilmioviaggio.me\/wp-content\/uploads\/2019\/04\/santa-s-ok-768x576.jpg 768w, https:\/\/ilmioviaggio.me\/wp-content\/uploads\/2019\/04\/santa-s-ok-1024x768.jpg 1024w\" sizes=\"auto, (max-width: 300px) 100vw, 300px\" \/><\/a><\/p>\n<p><em>Santa Sofia: la chiesa divenuta moschea e ora trasformata in museo.<\/em><\/p>\n<p>Arrivo a Sultanhamet e anche qui la gente sta seduta sulle panchine e camminando lungo le vie e la piazza.<\/p>\n<p><a href=\"https:\/\/ilmioviaggio.me\/wp-content\/uploads\/2019\/04\/Mosc-blu.jpg\" rel=\"attachment wp-att-5326\"><img loading=\"lazy\" decoding=\"async\" class=\"alignnone size-medium wp-image-5326\" src=\"https:\/\/ilmioviaggio.me\/wp-content\/uploads\/2019\/04\/Mosc-blu-300x225.jpg\" alt=\"Mosc blu\" width=\"300\" height=\"225\" srcset=\"https:\/\/ilmioviaggio.me\/wp-content\/uploads\/2019\/04\/Mosc-blu-300x225.jpg 300w, https:\/\/ilmioviaggio.me\/wp-content\/uploads\/2019\/04\/Mosc-blu-768x576.jpg 768w, https:\/\/ilmioviaggio.me\/wp-content\/uploads\/2019\/04\/Mosc-blu-1024x768.jpg 1024w\" sizes=\"auto, (max-width: 300px) 100vw, 300px\" \/><\/a><\/p>\n<p><em>Sultanhamet, la Moschea Blu.<\/em><\/p>\n<p>Diverse persone stanno sedute nei ristoranti, nelle pasticcerie e nei caff\u00e8 nonostante sia sera e faccia parecchio freddo. Attraverso la piazza di Sultanhamet, passo davanti a Santa Sofia e alla Moschea Blu e mi dirigo verso l&#8217;ostello. Fra poco lascer\u00f2 Istanbul.<\/p>\n<p><a href=\"https:\/\/ilmioviaggio.me\/wp-content\/uploads\/2019\/04\/Parco-sulla-Divanyolu-Caddesi.jpg\" rel=\"attachment wp-att-5323\"><img loading=\"lazy\" decoding=\"async\" class=\"alignnone size-medium wp-image-5323\" src=\"https:\/\/ilmioviaggio.me\/wp-content\/uploads\/2019\/04\/Parco-sulla-Divanyolu-Caddesi-300x225.jpg\" alt=\"Parco sulla Divanyolu Caddesi\" width=\"300\" height=\"225\" srcset=\"https:\/\/ilmioviaggio.me\/wp-content\/uploads\/2019\/04\/Parco-sulla-Divanyolu-Caddesi-300x225.jpg 300w, https:\/\/ilmioviaggio.me\/wp-content\/uploads\/2019\/04\/Parco-sulla-Divanyolu-Caddesi-768x576.jpg 768w, https:\/\/ilmioviaggio.me\/wp-content\/uploads\/2019\/04\/Parco-sulla-Divanyolu-Caddesi-1024x768.jpg 1024w\" sizes=\"auto, (max-width: 300px) 100vw, 300px\" \/><\/a><\/p>\n","protected":false},"excerpt":{"rendered":"<p>Scendendo lungo la riva accanto all\u2019hotel trovo la Piccola Santa Sofia, &#8220;The Little Hagia Sophia Mosque&#8221;, costruita per volere dell\u2019imperatore Justinian e di sua moglie Theodora, tra il 527 e il 536 con il nome di Hagia Sergios e Bachos Church. Trasformata in moschea nel 1497, la chiesa ha mantenuto la sua struttura originaria anche &hellip; <a href=\"https:\/\/ilmioviaggio.me\/?p=5315\" class=\"more-link\">Continua a leggere <span class=\"screen-reader-text\">Istanbul (Turchia), 6 aprile 2019<\/span><\/a><\/p>\n","protected":false},"author":2,"featured_media":0,"comment_status":"open","ping_status":"open","sticky":false,"template":"","format":"standard","meta":{"footnotes":""},"categories":[1],"tags":[],"class_list":["post-5315","post","type-post","status-publish","format-standard","hentry","category-senza-categoria"],"_links":{"self":[{"href":"https:\/\/ilmioviaggio.me\/index.php?rest_route=\/wp\/v2\/posts\/5315","targetHints":{"allow":["GET"]}}],"collection":[{"href":"https:\/\/ilmioviaggio.me\/index.php?rest_route=\/wp\/v2\/posts"}],"about":[{"href":"https:\/\/ilmioviaggio.me\/index.php?rest_route=\/wp\/v2\/types\/post"}],"author":[{"embeddable":true,"href":"https:\/\/ilmioviaggio.me\/index.php?rest_route=\/wp\/v2\/users\/2"}],"replies":[{"embeddable":true,"href":"https:\/\/ilmioviaggio.me\/index.php?rest_route=%2Fwp%2Fv2%2Fcomments&post=5315"}],"version-history":[{"count":7,"href":"https:\/\/ilmioviaggio.me\/index.php?rest_route=\/wp\/v2\/posts\/5315\/revisions"}],"predecessor-version":[{"id":5966,"href":"https:\/\/ilmioviaggio.me\/index.php?rest_route=\/wp\/v2\/posts\/5315\/revisions\/5966"}],"wp:attachment":[{"href":"https:\/\/ilmioviaggio.me\/index.php?rest_route=%2Fwp%2Fv2%2Fmedia&parent=5315"}],"wp:term":[{"taxonomy":"category","embeddable":true,"href":"https:\/\/ilmioviaggio.me\/index.php?rest_route=%2Fwp%2Fv2%2Fcategories&post=5315"},{"taxonomy":"post_tag","embeddable":true,"href":"https:\/\/ilmioviaggio.me\/index.php?rest_route=%2Fwp%2Fv2%2Ftags&post=5315"}],"curies":[{"name":"wp","href":"https:\/\/api.w.org\/{rel}","templated":true}]}}